{"id":16793,"date":"2025-09-17T10:00:00","date_gmt":"2025-09-17T10:00:00","guid":{"rendered":"https:\/\/www.centremoussalaha.gov.ma\/fr\/?p=16793"},"modified":"2025-11-07T11:35:40","modified_gmt":"2025-11-07T11:35:40","slug":"programme-de-formation-pour-les-fonctionnaires-de-la-dgapr-sur-le-theme-lutte-contre-lextremisme-violent-strategies-de-prevention-de-protection-communautaire-et-de-securisation-du-m","status":"publish","type":"post","link":"https:\/\/www.centremoussalaha.gov.ma\/fr\/2025\/09\/17\/programme-de-formation-pour-les-fonctionnaires-de-la-dgapr-sur-le-theme-lutte-contre-lextremisme-violent-strategies-de-prevention-de-protection-communautaire-et-de-securisation-du-m\/","title":{"rendered":"Programme de formation pour les fonctionnaires de la DGAPR sur le th\u00e8me: \u00ab Lutte contre l\u2019extr\u00e9misme violent: strat\u00e9gies de pr\u00e9vention, de protection communautaire et de s\u00e9curisation du milieu carc\u00e9ral\u00a0\u00bb"},"content":{"rendered":"\n<p><\/p>\n\n\n\n<p><\/p>\n\n\n\n<p>Lundi 15 septembre 2025, La DGAPR et le Centre Moussalaha ont lanc\u00e9 au sein de l\u2019Institut National de Formation des Cadres de l\u2019Administration P\u00e9nitentiaire et de la R\u00e9insertion \u00e0 Tiflet, un programme de formation destin\u00e9 aux fonctionnaires de la DGAPR sur le th\u00e8me :<\/p>\n\n\n\n<p>\u00ab Lutte contre l\u2019extr\u00e9misme violent: strat\u00e9gies de pr\u00e9vention, de protection communautaire et de s\u00e9curisation du milieu carc\u00e9ral&nbsp;\u00bb.<\/p>\n\n\n\n<p>Ce programme vise \u00e0 d\u00e9velopper les comp\u00e9tences des fonctionnaires dans la d\u00e9tection et l\u2019identification des diff\u00e9rentes manifestations de l\u2019extr\u00e9misme violent, en adoptant les meilleures pratiques dans le domaine, et \u00e0 renforcer la r\u00e9silience des agents en milieu carc\u00e9ral en leur fournissant les outils et techniques n\u00e9cessaires pour pr\u00e9venir l\u2019id\u00e9ologie extr\u00e9miste, tout en renfor\u00e7ant leurs capacit\u00e9s dans les domaines de la lutte contre l\u2019extr\u00e9misme violent et des droits humains.<\/p>\n\n\n\n<p>La formation est encadr\u00e9e par des experts et des professeurs sp\u00e9cialis\u00e9s dans le domaine. Elle b\u00e9n\u00e9ficiera \u00e0 180 employ\u00e9s en contact direct avec les d\u00e9tenus pour des affaires li\u00e9es \u00e0 l\u2019extr\u00e9misme et au terrorisme, r\u00e9partis sur 6 sessions, avec 30 participants par session d\u2019une dur\u00e9e de 3 jours chacune. Au cours de chaque session, un groupe de fonctionnaires sera s\u00e9lectionn\u00e9 pour suivre une formation sp\u00e9cialis\u00e9e de formateurs, afin de pouvoir ensuite former leurs coll\u00e8gues dans les diff\u00e9rentes institutions p\u00e9nitentiaires. Les cadres du Centre assureront leur accompagnement et la mise \u00e0 jour de leurs outils afin de leur permettre de remplir au mieux leurs missions.<\/p>\n\n\n\n<p>La mise en \u0153uvre de ce programme s\u2019inscrit conform\u00e9ment aux axes strat\u00e9giques du centre, notamment l\u2019axe relatif aux programmes de lutte contre l\u2019extr\u00e9misme violent en milieu carc\u00e9ral, qui a \u00e9t\u00e9 approuv\u00e9 par le Conseil d\u2019Orientation du Centre Moussalaha.<\/p>\n","protected":false},"excerpt":{"rendered":"<p>Lundi 15 septembre 2025, La DGAPR et le Centre Moussalaha ont lanc\u00e9 au sein de l\u2019Institut National de Formation des Cadres de l\u2019Administration P\u00e9nitentiaire et de la R\u00e9insertion \u00e0 Tiflet, un programme de formation destin\u00e9 aux fonctionnaires de la DGAPR sur le th\u00e8me : \u00ab Lutte contre l\u2019extr\u00e9misme violent: strat\u00e9gies de pr\u00e9vention, de protection communautaire &hellip;<\/p>\n","protected":false},"author":3,"featured_media":10000017094,"comment_status":"closed","ping_status":"closed","sticky":false,"template":"","format":"standard","meta":{"inline_featured_image":false,"footnotes":""},"categories":[3],"tags":[],"class_list":["post-16793","post","type-post","status-publish","format-standard","has-post-thumbnail","hentry","category-communiques-de-presse"],"yoast_head":"<!-- This site is optimized with the Yoast SEO plugin v27.0 - https:\/\/yoast.com\/product\/yoast-seo-wordpress\/ -->\n<title>Programme de formation pour les fonctionnaires de la DGAPR sur le th\u00e8me: \u00ab Lutte contre l\u2019extr\u00e9misme violent: strat\u00e9gies de pr\u00e9vention, de protection communautaire et de s\u00e9curisation du milieu carc\u00e9ral\u00a0\u00bb - moussalaha fr<\/title>\n<meta name=\"robots\" content=\"index, follow, max-snippet:-1, max-image-preview:large, max-video-preview:-1\" \/>\n<link rel=\"canonical\" href=\"https:\/\/www.centremoussalaha.gov.ma\/fr\/2025\/09\/17\/programme-de-formation-pour-les-fonctionnaires-de-la-dgapr-sur-le-theme-lutte-contre-lextremisme-violent-strategies-de-prevention-de-protection-communautaire-et-de-securisation-du-m\/\" \/>\n<meta property=\"og:locale\" content=\"fr_FR\" \/>\n<meta property=\"og:type\" content=\"article\" \/>\n<meta property=\"og:title\" content=\"Programme de formation pour les fonctionnaires de la DGAPR sur le th\u00e8me: \u00ab Lutte contre l\u2019extr\u00e9misme violent: strat\u00e9gies de pr\u00e9vention, de protection communautaire et de s\u00e9curisation du milieu carc\u00e9ral\u00a0\u00bb - moussalaha fr\" \/>\n<meta property=\"og:description\" content=\"Lundi 15 septembre 2025, La DGAPR et le Centre Moussalaha ont lanc\u00e9 au sein de l\u2019Institut National de Formation des Cadres de l\u2019Administration P\u00e9nitentiaire et de la R\u00e9insertion \u00e0 Tiflet, un programme de formation destin\u00e9 aux fonctionnaires de la DGAPR sur le th\u00e8me : \u00ab Lutte contre l\u2019extr\u00e9misme violent: strat\u00e9gies de pr\u00e9vention, de protection communautaire &hellip;\" \/>\n<meta property=\"og:url\" content=\"https:\/\/www.centremoussalaha.gov.ma\/fr\/2025\/09\/17\/programme-de-formation-pour-les-fonctionnaires-de-la-dgapr-sur-le-theme-lutte-contre-lextremisme-violent-strategies-de-prevention-de-protection-communautaire-et-de-securisation-du-m\/\" \/>\n<meta property=\"og:site_name\" content=\"moussalaha fr\" \/>\n<meta property=\"article:published_time\" content=\"2025-09-17T10:00:00+00:00\" \/>\n<meta property=\"article:modified_time\" content=\"2025-11-07T11:35:40+00:00\" \/>\n<meta name=\"author\" content=\"moussalahaeditor\" \/>\n<meta name=\"twitter:card\" content=\"summary_large_image\" \/>\n<meta name=\"twitter:label1\" content=\"\u00c9crit par\" \/>\n\t<meta name=\"twitter:data1\" content=\"moussalahaeditor\" \/>\n\t<meta name=\"twitter:label2\" content=\"Dur\u00e9e de lecture estim\u00e9e\" \/>\n\t<meta name=\"twitter:data2\" content=\"2 minutes\" \/>\n<script type=\"application\/ld+json\" class=\"yoast-schema-graph\">{\"@context\":\"https:\/\/schema.org\",\"@graph\":[{\"@type\":\"Article\",\"@id\":\"https:\/\/www.centremoussalaha.gov.ma\/fr\/2025\/09\/17\/programme-de-formation-pour-les-fonctionnaires-de-la-dgapr-sur-le-theme-lutte-contre-lextremisme-violent-strategies-de-prevention-de-protection-communautaire-et-de-securisation-du-m\/#article\",\"isPartOf\":{\"@id\":\"https:\/\/www.centremoussalaha.gov.ma\/fr\/2025\/09\/17\/programme-de-formation-pour-les-fonctionnaires-de-la-dgapr-sur-le-theme-lutte-contre-lextremisme-violent-strategies-de-prevention-de-protection-communautaire-et-de-securisation-du-m\/\"},\"author\":{\"name\":\"moussalahaeditor\",\"@id\":\"https:\/\/www.centremoussalaha.gov.ma\/fr\/#\/schema\/person\/c776a901e4c0a923f350a41b5af5cc00\"},\"headline\":\"Programme de formation pour les fonctionnaires de la DGAPR sur le th\u00e8me: \u00ab Lutte contre l\u2019extr\u00e9misme violent: strat\u00e9gies de pr\u00e9vention, de protection communautaire et de s\u00e9curisation du milieu carc\u00e9ral\u00a0\u00bb\",\"datePublished\":\"2025-09-17T10:00:00+00:00\",\"dateModified\":\"2025-11-07T11:35:40+00:00\",\"mainEntityOfPage\":{\"@id\":\"https:\/\/www.centremoussalaha.gov.ma\/fr\/2025\/09\/17\/programme-de-formation-pour-les-fonctionnaires-de-la-dgapr-sur-le-theme-lutte-contre-lextremisme-violent-strategies-de-prevention-de-protection-communautaire-et-de-securisation-du-m\/\"},\"wordCount\":349,\"image\":{\"@id\":\"https:\/\/www.centremoussalaha.gov.ma\/fr\/2025\/09\/17\/programme-de-formation-pour-les-fonctionnaires-de-la-dgapr-sur-le-theme-lutte-contre-lextremisme-violent-strategies-de-prevention-de-protection-communautaire-et-de-securisation-du-m\/#primaryimage\"},\"thumbnailUrl\":\"https:\/\/www.centremoussalaha.gov.ma\/wp-content\/uploads\/2025\/09\/Tifelt-Formation-f-4.jpg\",\"articleSection\":[\"Communiqu\u00e9s de presse\"],\"inLanguage\":\"fr-FR\"},{\"@type\":\"WebPage\",\"@id\":\"https:\/\/www.centremoussalaha.gov.ma\/fr\/2025\/09\/17\/programme-de-formation-pour-les-fonctionnaires-de-la-dgapr-sur-le-theme-lutte-contre-lextremisme-violent-strategies-de-prevention-de-protection-communautaire-et-de-securisation-du-m\/\",\"url\":\"https:\/\/www.centremoussalaha.gov.ma\/fr\/2025\/09\/17\/programme-de-formation-pour-les-fonctionnaires-de-la-dgapr-sur-le-theme-lutte-contre-lextremisme-violent-strategies-de-prevention-de-protection-communautaire-et-de-securisation-du-m\/\",\"name\":\"Programme de formation pour les fonctionnaires de la DGAPR sur le th\u00e8me: \u00ab Lutte contre l\u2019extr\u00e9misme violent: strat\u00e9gies de pr\u00e9vention, de protection communautaire et de s\u00e9curisation du milieu carc\u00e9ral\u00a0\u00bb - moussalaha fr\",\"isPartOf\":{\"@id\":\"https:\/\/www.centremoussalaha.gov.ma\/fr\/#website\"},\"primaryImageOfPage\":{\"@id\":\"https:\/\/www.centremoussalaha.gov.ma\/fr\/2025\/09\/17\/programme-de-formation-pour-les-fonctionnaires-de-la-dgapr-sur-le-theme-lutte-contre-lextremisme-violent-strategies-de-prevention-de-protection-communautaire-et-de-securisation-du-m\/#primaryimage\"},\"image\":{\"@id\":\"https:\/\/www.centremoussalaha.gov.ma\/fr\/2025\/09\/17\/programme-de-formation-pour-les-fonctionnaires-de-la-dgapr-sur-le-theme-lutte-contre-lextremisme-violent-strategies-de-prevention-de-protection-communautaire-et-de-securisation-du-m\/#primaryimage\"},\"thumbnailUrl\":\"https:\/\/www.centremoussalaha.gov.ma\/wp-content\/uploads\/2025\/09\/Tifelt-Formation-f-4.jpg\",\"datePublished\":\"2025-09-17T10:00:00+00:00\",\"dateModified\":\"2025-11-07T11:35:40+00:00\",\"author\":{\"@id\":\"https:\/\/www.centremoussalaha.gov.ma\/fr\/#\/schema\/person\/c776a901e4c0a923f350a41b5af5cc00\"},\"breadcrumb\":{\"@id\":\"https:\/\/www.centremoussalaha.gov.ma\/fr\/2025\/09\/17\/programme-de-formation-pour-les-fonctionnaires-de-la-dgapr-sur-le-theme-lutte-contre-lextremisme-violent-strategies-de-prevention-de-protection-communautaire-et-de-securisation-du-m\/#breadcrumb\"},\"inLanguage\":\"fr-FR\",\"potentialAction\":[{\"@type\":\"ReadAction\",\"target\":[\"https:\/\/www.centremoussalaha.gov.ma\/fr\/2025\/09\/17\/programme-de-formation-pour-les-fonctionnaires-de-la-dgapr-sur-le-theme-lutte-contre-lextremisme-violent-strategies-de-prevention-de-protection-communautaire-et-de-securisation-du-m\/\"]}]},{\"@type\":\"ImageObject\",\"inLanguage\":\"fr-FR\",\"@id\":\"https:\/\/www.centremoussalaha.gov.ma\/fr\/2025\/09\/17\/programme-de-formation-pour-les-fonctionnaires-de-la-dgapr-sur-le-theme-lutte-contre-lextremisme-violent-strategies-de-prevention-de-protection-communautaire-et-de-securisation-du-m\/#primaryimage\",\"url\":\"https:\/\/www.centremoussalaha.gov.ma\/wp-content\/uploads\/2025\/09\/Tifelt-Formation-f-4.jpg\",\"contentUrl\":\"https:\/\/www.centremoussalaha.gov.ma\/wp-content\/uploads\/2025\/09\/Tifelt-Formation-f-4.jpg\"},{\"@type\":\"BreadcrumbList\",\"@id\":\"https:\/\/www.centremoussalaha.gov.ma\/fr\/2025\/09\/17\/programme-de-formation-pour-les-fonctionnaires-de-la-dgapr-sur-le-theme-lutte-contre-lextremisme-violent-strategies-de-prevention-de-protection-communautaire-et-de-securisation-du-m\/#breadcrumb\",\"itemListElement\":[{\"@type\":\"ListItem\",\"position\":1,\"name\":\"Home\",\"item\":\"https:\/\/www.centremoussalaha.gov.ma\/fr\/\"},{\"@type\":\"ListItem\",\"position\":2,\"name\":\"Programme de formation pour les fonctionnaires de la DGAPR sur le th\u00e8me: \u00ab Lutte contre l\u2019extr\u00e9misme violent: strat\u00e9gies de pr\u00e9vention, de protection communautaire et de s\u00e9curisation du milieu carc\u00e9ral\u00a0\u00bb\"}]},{\"@type\":\"WebSite\",\"@id\":\"https:\/\/www.centremoussalaha.gov.ma\/fr\/#website\",\"url\":\"https:\/\/www.centremoussalaha.gov.ma\/fr\/\",\"name\":\"moussalaha fr\",\"description\":\"\",\"potentialAction\":[{\"@type\":\"SearchAction\",\"target\":{\"@type\":\"EntryPoint\",\"urlTemplate\":\"https:\/\/www.centremoussalaha.gov.ma\/fr\/?s={search_term_string}\"},\"query-input\":{\"@type\":\"PropertyValueSpecification\",\"valueRequired\":true,\"valueName\":\"search_term_string\"}}],\"inLanguage\":\"fr-FR\"},{\"@type\":\"Person\",\"@id\":\"https:\/\/www.centremoussalaha.gov.ma\/fr\/#\/schema\/person\/c776a901e4c0a923f350a41b5af5cc00\",\"name\":\"moussalahaeditor\",\"image\":{\"@type\":\"ImageObject\",\"inLanguage\":\"fr-FR\",\"@id\":\"https:\/\/www.centremoussalaha.gov.ma\/fr\/#\/schema\/person\/image\/\",\"url\":\"https:\/\/secure.gravatar.com\/avatar\/9a233e4c97f0ace9b041107b424a08752138f4b9b89d9f58020e9446dbcfa808?s=96&d=mm&r=g\",\"contentUrl\":\"https:\/\/secure.gravatar.com\/avatar\/9a233e4c97f0ace9b041107b424a08752138f4b9b89d9f58020e9446dbcfa808?s=96&d=mm&r=g\",\"caption\":\"moussalahaeditor\"},\"url\":\"https:\/\/www.centremoussalaha.gov.ma\/fr\/author\/moussalahaeditor\/\"}]}<\/script>\n<!-- \/ Yoast SEO plugin. -->","yoast_head_json":{"title":"Programme de formation pour les fonctionnaires de la DGAPR sur le th\u00e8me: \u00ab Lutte contre l\u2019extr\u00e9misme violent: strat\u00e9gies de pr\u00e9vention, de protection communautaire et de s\u00e9curisation du milieu carc\u00e9ral\u00a0\u00bb - moussalaha fr","robots":{"index":"index","follow":"follow","max-snippet":"max-snippet:-1","max-image-preview":"max-image-preview:large","max-video-preview":"max-video-preview:-1"},"canonical":"https:\/\/www.centremoussalaha.gov.ma\/fr\/2025\/09\/17\/programme-de-formation-pour-les-fonctionnaires-de-la-dgapr-sur-le-theme-lutte-contre-lextremisme-violent-strategies-de-prevention-de-protection-communautaire-et-de-securisation-du-m\/","og_locale":"fr_FR","og_type":"article","og_title":"Programme de formation pour les fonctionnaires de la DGAPR sur le th\u00e8me: \u00ab Lutte contre l\u2019extr\u00e9misme violent: strat\u00e9gies de pr\u00e9vention, de protection communautaire et de s\u00e9curisation du milieu carc\u00e9ral\u00a0\u00bb - moussalaha fr","og_description":"Lundi 15 septembre 2025, La DGAPR et le Centre Moussalaha ont lanc\u00e9 au sein de l\u2019Institut National de Formation des Cadres de l\u2019Administration P\u00e9nitentiaire et de la R\u00e9insertion \u00e0 Tiflet, un programme de formation destin\u00e9 aux fonctionnaires de la DGAPR sur le th\u00e8me : \u00ab Lutte contre l\u2019extr\u00e9misme violent: strat\u00e9gies de pr\u00e9vention, de protection communautaire &hellip;","og_url":"https:\/\/www.centremoussalaha.gov.ma\/fr\/2025\/09\/17\/programme-de-formation-pour-les-fonctionnaires-de-la-dgapr-sur-le-theme-lutte-contre-lextremisme-violent-strategies-de-prevention-de-protection-communautaire-et-de-securisation-du-m\/","og_site_name":"moussalaha fr","article_published_time":"2025-09-17T10:00:00+00:00","article_modified_time":"2025-11-07T11:35:40+00:00","author":"moussalahaeditor","twitter_card":"summary_large_image","twitter_misc":{"\u00c9crit par":"moussalahaeditor","Dur\u00e9e de lecture estim\u00e9e":"2 minutes"},"schema":{"@context":"https:\/\/schema.org","@graph":[{"@type":"Article","@id":"https:\/\/www.centremoussalaha.gov.ma\/fr\/2025\/09\/17\/programme-de-formation-pour-les-fonctionnaires-de-la-dgapr-sur-le-theme-lutte-contre-lextremisme-violent-strategies-de-prevention-de-protection-communautaire-et-de-securisation-du-m\/#article","isPartOf":{"@id":"https:\/\/www.centremoussalaha.gov.ma\/fr\/2025\/09\/17\/programme-de-formation-pour-les-fonctionnaires-de-la-dgapr-sur-le-theme-lutte-contre-lextremisme-violent-strategies-de-prevention-de-protection-communautaire-et-de-securisation-du-m\/"},"author":{"name":"moussalahaeditor","@id":"https:\/\/www.centremoussalaha.gov.ma\/fr\/#\/schema\/person\/c776a901e4c0a923f350a41b5af5cc00"},"headline":"Programme de formation pour les fonctionnaires de la DGAPR sur le th\u00e8me: \u00ab Lutte contre l\u2019extr\u00e9misme violent: strat\u00e9gies de pr\u00e9vention, de protection communautaire et de s\u00e9curisation du milieu carc\u00e9ral\u00a0\u00bb","datePublished":"2025-09-17T10:00:00+00:00","dateModified":"2025-11-07T11:35:40+00:00","mainEntityOfPage":{"@id":"https:\/\/www.centremoussalaha.gov.ma\/fr\/2025\/09\/17\/programme-de-formation-pour-les-fonctionnaires-de-la-dgapr-sur-le-theme-lutte-contre-lextremisme-violent-strategies-de-prevention-de-protection-communautaire-et-de-securisation-du-m\/"},"wordCount":349,"image":{"@id":"https:\/\/www.centremoussalaha.gov.ma\/fr\/2025\/09\/17\/programme-de-formation-pour-les-fonctionnaires-de-la-dgapr-sur-le-theme-lutte-contre-lextremisme-violent-strategies-de-prevention-de-protection-communautaire-et-de-securisation-du-m\/#primaryimage"},"thumbnailUrl":"https:\/\/www.centremoussalaha.gov.ma\/wp-content\/uploads\/2025\/09\/Tifelt-Formation-f-4.jpg","articleSection":["Communiqu\u00e9s de presse"],"inLanguage":"fr-FR"},{"@type":"WebPage","@id":"https:\/\/www.centremoussalaha.gov.ma\/fr\/2025\/09\/17\/programme-de-formation-pour-les-fonctionnaires-de-la-dgapr-sur-le-theme-lutte-contre-lextremisme-violent-strategies-de-prevention-de-protection-communautaire-et-de-securisation-du-m\/","url":"https:\/\/www.centremoussalaha.gov.ma\/fr\/2025\/09\/17\/programme-de-formation-pour-les-fonctionnaires-de-la-dgapr-sur-le-theme-lutte-contre-lextremisme-violent-strategies-de-prevention-de-protection-communautaire-et-de-securisation-du-m\/","name":"Programme de formation pour les fonctionnaires de la DGAPR sur le th\u00e8me: \u00ab Lutte contre l\u2019extr\u00e9misme violent: strat\u00e9gies de pr\u00e9vention, de protection communautaire et de s\u00e9curisation du milieu carc\u00e9ral\u00a0\u00bb - moussalaha fr","isPartOf":{"@id":"https:\/\/www.centremoussalaha.gov.ma\/fr\/#website"},"primaryImageOfPage":{"@id":"https:\/\/www.centremoussalaha.gov.ma\/fr\/2025\/09\/17\/programme-de-formation-pour-les-fonctionnaires-de-la-dgapr-sur-le-theme-lutte-contre-lextremisme-violent-strategies-de-prevention-de-protection-communautaire-et-de-securisation-du-m\/#primaryimage"},"image":{"@id":"https:\/\/www.centremoussalaha.gov.ma\/fr\/2025\/09\/17\/programme-de-formation-pour-les-fonctionnaires-de-la-dgapr-sur-le-theme-lutte-contre-lextremisme-violent-strategies-de-prevention-de-protection-communautaire-et-de-securisation-du-m\/#primaryimage"},"thumbnailUrl":"https:\/\/www.centremoussalaha.gov.ma\/wp-content\/uploads\/2025\/09\/Tifelt-Formation-f-4.jpg","datePublished":"2025-09-17T10:00:00+00:00","dateModified":"2025-11-07T11:35:40+00:00","author":{"@id":"https:\/\/www.centremoussalaha.gov.ma\/fr\/#\/schema\/person\/c776a901e4c0a923f350a41b5af5cc00"},"breadcrumb":{"@id":"https:\/\/www.centremoussalaha.gov.ma\/fr\/2025\/09\/17\/programme-de-formation-pour-les-fonctionnaires-de-la-dgapr-sur-le-theme-lutte-contre-lextremisme-violent-strategies-de-prevention-de-protection-communautaire-et-de-securisation-du-m\/#breadcrumb"},"inLanguage":"fr-FR","potentialAction":[{"@type":"ReadAction","target":["https:\/\/www.centremoussalaha.gov.ma\/fr\/2025\/09\/17\/programme-de-formation-pour-les-fonctionnaires-de-la-dgapr-sur-le-theme-lutte-contre-lextremisme-violent-strategies-de-prevention-de-protection-communautaire-et-de-securisation-du-m\/"]}]},{"@type":"ImageObject","inLanguage":"fr-FR","@id":"https:\/\/www.centremoussalaha.gov.ma\/fr\/2025\/09\/17\/programme-de-formation-pour-les-fonctionnaires-de-la-dgapr-sur-le-theme-lutte-contre-lextremisme-violent-strategies-de-prevention-de-protection-communautaire-et-de-securisation-du-m\/#primaryimage","url":"https:\/\/www.centremoussalaha.gov.ma\/wp-content\/uploads\/2025\/09\/Tifelt-Formation-f-4.jpg","contentUrl":"https:\/\/www.centremoussalaha.gov.ma\/wp-content\/uploads\/2025\/09\/Tifelt-Formation-f-4.jpg"},{"@type":"BreadcrumbList","@id":"https:\/\/www.centremoussalaha.gov.ma\/fr\/2025\/09\/17\/programme-de-formation-pour-les-fonctionnaires-de-la-dgapr-sur-le-theme-lutte-contre-lextremisme-violent-strategies-de-prevention-de-protection-communautaire-et-de-securisation-du-m\/#breadcrumb","itemListElement":[{"@type":"ListItem","position":1,"name":"Home","item":"https:\/\/www.centremoussalaha.gov.ma\/fr\/"},{"@type":"ListItem","position":2,"name":"Programme de formation pour les fonctionnaires de la DGAPR sur le th\u00e8me: \u00ab Lutte contre l\u2019extr\u00e9misme violent: strat\u00e9gies de pr\u00e9vention, de protection communautaire et de s\u00e9curisation du milieu carc\u00e9ral\u00a0\u00bb"}]},{"@type":"WebSite","@id":"https:\/\/www.centremoussalaha.gov.ma\/fr\/#website","url":"https:\/\/www.centremoussalaha.gov.ma\/fr\/","name":"moussalaha fr","description":"","potentialAction":[{"@type":"SearchAction","target":{"@type":"EntryPoint","urlTemplate":"https:\/\/www.centremoussalaha.gov.ma\/fr\/?s={search_term_string}"},"query-input":{"@type":"PropertyValueSpecification","valueRequired":true,"valueName":"search_term_string"}}],"inLanguage":"fr-FR"},{"@type":"Person","@id":"https:\/\/www.centremoussalaha.gov.ma\/fr\/#\/schema\/person\/c776a901e4c0a923f350a41b5af5cc00","name":"moussalahaeditor","image":{"@type":"ImageObject","inLanguage":"fr-FR","@id":"https:\/\/www.centremoussalaha.gov.ma\/fr\/#\/schema\/person\/image\/","url":"https:\/\/secure.gravatar.com\/avatar\/9a233e4c97f0ace9b041107b424a08752138f4b9b89d9f58020e9446dbcfa808?s=96&d=mm&r=g","contentUrl":"https:\/\/secure.gravatar.com\/avatar\/9a233e4c97f0ace9b041107b424a08752138f4b9b89d9f58020e9446dbcfa808?s=96&d=mm&r=g","caption":"moussalahaeditor"},"url":"https:\/\/www.centremoussalaha.gov.ma\/fr\/author\/moussalahaeditor\/"}]}},"_links":{"self":[{"href":"https:\/\/www.centremoussalaha.gov.ma\/fr\/wp-json\/wp\/v2\/posts\/16793","targetHints":{"allow":["GET"]}}],"collection":[{"href":"https:\/\/www.centremoussalaha.gov.ma\/fr\/wp-json\/wp\/v2\/posts"}],"about":[{"href":"https:\/\/www.centremoussalaha.gov.ma\/fr\/wp-json\/wp\/v2\/types\/post"}],"author":[{"embeddable":true,"href":"https:\/\/www.centremoussalaha.gov.ma\/fr\/wp-json\/wp\/v2\/users\/3"}],"replies":[{"embeddable":true,"href":"https:\/\/www.centremoussalaha.gov.ma\/fr\/wp-json\/wp\/v2\/comments?post=16793"}],"version-history":[{"count":2,"href":"https:\/\/www.centremoussalaha.gov.ma\/fr\/wp-json\/wp\/v2\/posts\/16793\/revisions"}],"predecessor-version":[{"id":16824,"href":"https:\/\/www.centremoussalaha.gov.ma\/fr\/wp-json\/wp\/v2\/posts\/16793\/revisions\/16824"}],"wp:featuredmedia":[{"embeddable":true,"href":"https:\/\/www.centremoussalaha.gov.ma\/fr\/wp-json\/"}],"wp:attachment":[{"href":"https:\/\/www.centremoussalaha.gov.ma\/fr\/wp-json\/wp\/v2\/media?parent=16793"}],"wp:term":[{"taxonomy":"category","embeddable":true,"href":"https:\/\/www.centremoussalaha.gov.ma\/fr\/wp-json\/wp\/v2\/categories?post=16793"},{"taxonomy":"post_tag","embeddable":true,"href":"https:\/\/www.centremoussalaha.gov.ma\/fr\/wp-json\/wp\/v2\/tags?post=16793"}],"curies":[{"name":"wp","href":"https:\/\/api.w.org\/{rel}","templated":true}]}}