{"id":16787,"date":"2024-02-19T10:00:00","date_gmt":"2024-02-19T10:00:00","guid":{"rendered":"https:\/\/www.centremoussalaha.gov.ma\/fr\/?p=16787"},"modified":"2025-11-12T11:45:32","modified_gmt":"2025-11-12T11:45:32","slug":"cloture-de-la-13-eme-edition-du-programme-de-rehabilitation-moussalaha","status":"publish","type":"post","link":"https:\/\/www.centremoussalaha.gov.ma\/fr\/2024\/02\/19\/cloture-de-la-13-eme-edition-du-programme-de-rehabilitation-moussalaha\/","title":{"rendered":"Cl\u00f4ture de la 13 \u00e8me \u00e9dition du programme Moussalaha"},"content":{"rendered":"\n<p>Le lundi 19 f\u00e9vrier 2024, le Centre Moussalaha a proc\u00e9d\u00e9 \u00e0 la cl\u00f4tur\u00e9 de la 13 \u00e8me \u00e9dition du Programme de r\u00e9habilitationMoussalaha \u00e0 la Prison locale de Sal\u00e9, au profit de 22 d\u00e9tenus condamn\u00e9s pour extr\u00e9misme et terrorisme. Le m\u00eame jour, la 14\u1d49 session a \u00e9t\u00e9 lanc\u00e9e, accueillant 21 d\u00e9tenus, portant ainsi \u00e0 322 le nombre total de b\u00e9n\u00e9ficiaires du programme issus de cette cat\u00e9gorie.<\/p>\n\n\n\n<p>Ces deux sessions ont \u00e9t\u00e9 organis\u00e9es dans le cadre du Centre Moussalaha, cr\u00e9\u00e9 \u00e0 la suite d\u2019une convention de partenariat sign\u00e9e le 2 novembre 2023 par les partenaires du Programme Moussalaha. Cette convention a \u00e9t\u00e9 mise en \u0153uvre conform\u00e9ment aux Hautes Instructions Royales de Sa Majest\u00e9 le Roi Mohammed VI, que Dieu L\u2019assiste, afin de valoriser les exp\u00e9riences acquises par le programme et de contribuer \u00e0 la strat\u00e9gie nationale de lutte contre l\u2019extr\u00e9misme violent et le terrorisme.<\/p>\n\n\n\n<p>\u00c9taient pr\u00e9sents \u00e0 cet \u00e9v\u00e9nement le D\u00e9l\u00e9gu\u00e9 G\u00e9n\u00e9ral de la DGAPR, le Secr\u00e9taire G\u00e9n\u00e9ral de la Rabita Mohammedia des Oul\u00e9mas, Pr\u00e9sident du Centre Moussalaha, la Pr\u00e9sidente du Conseil National des Droits de l\u2019Homme, le Coordonnateur de la Fondation Mohammed VI pour la r\u00e9insertion des d\u00e9tenus, ainsi que des repr\u00e9sentants des partenaires institutionnels, des experts et des enseignants encadrant les sessions du programme.<\/p>\n","protected":false},"excerpt":{"rendered":"<p>Le lundi 19 f\u00e9vrier 2024, le Centre Moussalaha a proc\u00e9d\u00e9 \u00e0 la cl\u00f4tur\u00e9 de la 13 \u00e8me \u00e9dition du Programme de r\u00e9habilitationMoussalaha \u00e0 la Prison locale de Sal\u00e9, au profit de 22 d\u00e9tenus condamn\u00e9s pour extr\u00e9misme et terrorisme. Le m\u00eame jour, la 14\u1d49 session a \u00e9t\u00e9 lanc\u00e9e, accueillant 21 d\u00e9tenus, portant ainsi \u00e0 322 le &hellip;<\/p>\n","protected":false},"author":3,"featured_media":16789,"comment_status":"closed","ping_status":"closed","sticky":false,"template":"","format":"standard","meta":{"inline_featured_image":false,"footnotes":""},"categories":[3],"tags":[],"class_list":["post-16787","post","type-post","status-publish","format-standard","has-post-thumbnail","hentry","category-communiques-de-presse"],"yoast_head":"<!-- This site is optimized with the Yoast SEO plugin v27.0 - https:\/\/yoast.com\/product\/yoast-seo-wordpress\/ -->\n<title>Cl\u00f4ture de la 13 \u00e8me \u00e9dition du programme Moussalaha - moussalaha fr<\/title>\n<meta name=\"robots\" content=\"index, follow, max-snippet:-1, max-image-preview:large, max-video-preview:-1\" \/>\n<link rel=\"canonical\" href=\"https:\/\/www.centremoussalaha.gov.ma\/fr\/2024\/02\/19\/cloture-de-la-13-eme-edition-du-programme-de-rehabilitation-moussalaha\/\" \/>\n<meta property=\"og:locale\" content=\"fr_FR\" \/>\n<meta property=\"og:type\" content=\"article\" \/>\n<meta property=\"og:title\" content=\"Cl\u00f4ture de la 13 \u00e8me \u00e9dition du programme Moussalaha - moussalaha fr\" \/>\n<meta property=\"og:description\" content=\"Le lundi 19 f\u00e9vrier 2024, le Centre Moussalaha a proc\u00e9d\u00e9 \u00e0 la cl\u00f4tur\u00e9 de la 13 \u00e8me \u00e9dition du Programme de r\u00e9habilitationMoussalaha \u00e0 la Prison locale de Sal\u00e9, au profit de 22 d\u00e9tenus condamn\u00e9s pour extr\u00e9misme et terrorisme. Le m\u00eame jour, la 14\u1d49 session a \u00e9t\u00e9 lanc\u00e9e, accueillant 21 d\u00e9tenus, portant ainsi \u00e0 322 le &hellip;\" \/>\n<meta property=\"og:url\" content=\"https:\/\/www.centremoussalaha.gov.ma\/fr\/2024\/02\/19\/cloture-de-la-13-eme-edition-du-programme-de-rehabilitation-moussalaha\/\" \/>\n<meta property=\"og:site_name\" content=\"moussalaha fr\" \/>\n<meta property=\"article:published_time\" content=\"2024-02-19T10:00:00+00:00\" \/>\n<meta property=\"article:modified_time\" content=\"2025-11-12T11:45:32+00:00\" \/>\n<meta property=\"og:image\" content=\"https:\/\/www.centremoussalaha.gov.ma\/fr\/wp-content\/uploads\/sites\/3\/2025\/11\/13-02.jpg\" \/>\n\t<meta property=\"og:image:width\" content=\"1621\" \/>\n\t<meta property=\"og:image:height\" content=\"905\" \/>\n\t<meta property=\"og:image:type\" content=\"image\/jpeg\" \/>\n<meta name=\"author\" content=\"moussalahaeditor\" \/>\n<meta name=\"twitter:card\" content=\"summary_large_image\" \/>\n<meta name=\"twitter:label1\" content=\"\u00c9crit par\" \/>\n\t<meta name=\"twitter:data1\" content=\"moussalahaeditor\" \/>\n\t<meta name=\"twitter:label2\" content=\"Dur\u00e9e de lecture estim\u00e9e\" \/>\n\t<meta name=\"twitter:data2\" content=\"2 minutes\" \/>\n<script type=\"application\/ld+json\" class=\"yoast-schema-graph\">{\"@context\":\"https:\/\/schema.org\",\"@graph\":[{\"@type\":\"Article\",\"@id\":\"https:\/\/www.centremoussalaha.gov.ma\/fr\/2024\/02\/19\/cloture-de-la-13-eme-edition-du-programme-de-rehabilitation-moussalaha\/#article\",\"isPartOf\":{\"@id\":\"https:\/\/www.centremoussalaha.gov.ma\/fr\/2024\/02\/19\/cloture-de-la-13-eme-edition-du-programme-de-rehabilitation-moussalaha\/\"},\"author\":{\"name\":\"moussalahaeditor\",\"@id\":\"https:\/\/www.centremoussalaha.gov.ma\/fr\/#\/schema\/person\/c776a901e4c0a923f350a41b5af5cc00\"},\"headline\":\"Cl\u00f4ture de la 13 \u00e8me \u00e9dition du programme Moussalaha\",\"datePublished\":\"2024-02-19T10:00:00+00:00\",\"dateModified\":\"2025-11-12T11:45:32+00:00\",\"mainEntityOfPage\":{\"@id\":\"https:\/\/www.centremoussalaha.gov.ma\/fr\/2024\/02\/19\/cloture-de-la-13-eme-edition-du-programme-de-rehabilitation-moussalaha\/\"},\"wordCount\":236,\"image\":{\"@id\":\"https:\/\/www.centremoussalaha.gov.ma\/fr\/2024\/02\/19\/cloture-de-la-13-eme-edition-du-programme-de-rehabilitation-moussalaha\/#primaryimage\"},\"thumbnailUrl\":\"https:\/\/www.centremoussalaha.gov.ma\/fr\/wp-content\/uploads\/sites\/3\/2025\/11\/13-02.jpg\",\"articleSection\":[\"Communiqu\u00e9s de presse\"],\"inLanguage\":\"fr-FR\"},{\"@type\":\"WebPage\",\"@id\":\"https:\/\/www.centremoussalaha.gov.ma\/fr\/2024\/02\/19\/cloture-de-la-13-eme-edition-du-programme-de-rehabilitation-moussalaha\/\",\"url\":\"https:\/\/www.centremoussalaha.gov.ma\/fr\/2024\/02\/19\/cloture-de-la-13-eme-edition-du-programme-de-rehabilitation-moussalaha\/\",\"name\":\"Cl\u00f4ture de la 13 \u00e8me \u00e9dition du programme Moussalaha - moussalaha fr\",\"isPartOf\":{\"@id\":\"https:\/\/www.centremoussalaha.gov.ma\/fr\/#website\"},\"primaryImageOfPage\":{\"@id\":\"https:\/\/www.centremoussalaha.gov.ma\/fr\/2024\/02\/19\/cloture-de-la-13-eme-edition-du-programme-de-rehabilitation-moussalaha\/#primaryimage\"},\"image\":{\"@id\":\"https:\/\/www.centremoussalaha.gov.ma\/fr\/2024\/02\/19\/cloture-de-la-13-eme-edition-du-programme-de-rehabilitation-moussalaha\/#primaryimage\"},\"thumbnailUrl\":\"https:\/\/www.centremoussalaha.gov.ma\/fr\/wp-content\/uploads\/sites\/3\/2025\/11\/13-02.jpg\",\"datePublished\":\"2024-02-19T10:00:00+00:00\",\"dateModified\":\"2025-11-12T11:45:32+00:00\",\"author\":{\"@id\":\"https:\/\/www.centremoussalaha.gov.ma\/fr\/#\/schema\/person\/c776a901e4c0a923f350a41b5af5cc00\"},\"breadcrumb\":{\"@id\":\"https:\/\/www.centremoussalaha.gov.ma\/fr\/2024\/02\/19\/cloture-de-la-13-eme-edition-du-programme-de-rehabilitation-moussalaha\/#breadcrumb\"},\"inLanguage\":\"fr-FR\",\"potentialAction\":[{\"@type\":\"ReadAction\",\"target\":[\"https:\/\/www.centremoussalaha.gov.ma\/fr\/2024\/02\/19\/cloture-de-la-13-eme-edition-du-programme-de-rehabilitation-moussalaha\/\"]}]},{\"@type\":\"ImageObject\",\"inLanguage\":\"fr-FR\",\"@id\":\"https:\/\/www.centremoussalaha.gov.ma\/fr\/2024\/02\/19\/cloture-de-la-13-eme-edition-du-programme-de-rehabilitation-moussalaha\/#primaryimage\",\"url\":\"https:\/\/www.centremoussalaha.gov.ma\/fr\/wp-content\/uploads\/sites\/3\/2025\/11\/13-02.jpg\",\"contentUrl\":\"https:\/\/www.centremoussalaha.gov.ma\/fr\/wp-content\/uploads\/sites\/3\/2025\/11\/13-02.jpg\",\"width\":1621,\"height\":905},{\"@type\":\"BreadcrumbList\",\"@id\":\"https:\/\/www.centremoussalaha.gov.ma\/fr\/2024\/02\/19\/cloture-de-la-13-eme-edition-du-programme-de-rehabilitation-moussalaha\/#breadcrumb\",\"itemListElement\":[{\"@type\":\"ListItem\",\"position\":1,\"name\":\"Home\",\"item\":\"https:\/\/www.centremoussalaha.gov.ma\/fr\/\"},{\"@type\":\"ListItem\",\"position\":2,\"name\":\"Cl\u00f4ture de la 13 \u00e8me \u00e9dition du programme Moussalaha\"}]},{\"@type\":\"WebSite\",\"@id\":\"https:\/\/www.centremoussalaha.gov.ma\/fr\/#website\",\"url\":\"https:\/\/www.centremoussalaha.gov.ma\/fr\/\",\"name\":\"moussalaha fr\",\"description\":\"\",\"potentialAction\":[{\"@type\":\"SearchAction\",\"target\":{\"@type\":\"EntryPoint\",\"urlTemplate\":\"https:\/\/www.centremoussalaha.gov.ma\/fr\/?s={search_term_string}\"},\"query-input\":{\"@type\":\"PropertyValueSpecification\",\"valueRequired\":true,\"valueName\":\"search_term_string\"}}],\"inLanguage\":\"fr-FR\"},{\"@type\":\"Person\",\"@id\":\"https:\/\/www.centremoussalaha.gov.ma\/fr\/#\/schema\/person\/c776a901e4c0a923f350a41b5af5cc00\",\"name\":\"moussalahaeditor\",\"image\":{\"@type\":\"ImageObject\",\"inLanguage\":\"fr-FR\",\"@id\":\"https:\/\/www.centremoussalaha.gov.ma\/fr\/#\/schema\/person\/image\/\",\"url\":\"https:\/\/secure.gravatar.com\/avatar\/9a233e4c97f0ace9b041107b424a08752138f4b9b89d9f58020e9446dbcfa808?s=96&d=mm&r=g\",\"contentUrl\":\"https:\/\/secure.gravatar.com\/avatar\/9a233e4c97f0ace9b041107b424a08752138f4b9b89d9f58020e9446dbcfa808?s=96&d=mm&r=g\",\"caption\":\"moussalahaeditor\"},\"url\":\"https:\/\/www.centremoussalaha.gov.ma\/fr\/author\/moussalahaeditor\/\"}]}<\/script>\n<!-- \/ Yoast SEO plugin. -->","yoast_head_json":{"title":"Cl\u00f4ture de la 13 \u00e8me \u00e9dition du programme Moussalaha - moussalaha fr","robots":{"index":"index","follow":"follow","max-snippet":"max-snippet:-1","max-image-preview":"max-image-preview:large","max-video-preview":"max-video-preview:-1"},"canonical":"https:\/\/www.centremoussalaha.gov.ma\/fr\/2024\/02\/19\/cloture-de-la-13-eme-edition-du-programme-de-rehabilitation-moussalaha\/","og_locale":"fr_FR","og_type":"article","og_title":"Cl\u00f4ture de la 13 \u00e8me \u00e9dition du programme Moussalaha - moussalaha fr","og_description":"Le lundi 19 f\u00e9vrier 2024, le Centre Moussalaha a proc\u00e9d\u00e9 \u00e0 la cl\u00f4tur\u00e9 de la 13 \u00e8me \u00e9dition du Programme de r\u00e9habilitationMoussalaha \u00e0 la Prison locale de Sal\u00e9, au profit de 22 d\u00e9tenus condamn\u00e9s pour extr\u00e9misme et terrorisme. Le m\u00eame jour, la 14\u1d49 session a \u00e9t\u00e9 lanc\u00e9e, accueillant 21 d\u00e9tenus, portant ainsi \u00e0 322 le &hellip;","og_url":"https:\/\/www.centremoussalaha.gov.ma\/fr\/2024\/02\/19\/cloture-de-la-13-eme-edition-du-programme-de-rehabilitation-moussalaha\/","og_site_name":"moussalaha fr","article_published_time":"2024-02-19T10:00:00+00:00","article_modified_time":"2025-11-12T11:45:32+00:00","og_image":[{"width":1621,"height":905,"url":"https:\/\/www.centremoussalaha.gov.ma\/fr\/wp-content\/uploads\/sites\/3\/2025\/11\/13-02.jpg","type":"image\/jpeg"}],"author":"moussalahaeditor","twitter_card":"summary_large_image","twitter_misc":{"\u00c9crit par":"moussalahaeditor","Dur\u00e9e de lecture estim\u00e9e":"2 minutes"},"schema":{"@context":"https:\/\/schema.org","@graph":[{"@type":"Article","@id":"https:\/\/www.centremoussalaha.gov.ma\/fr\/2024\/02\/19\/cloture-de-la-13-eme-edition-du-programme-de-rehabilitation-moussalaha\/#article","isPartOf":{"@id":"https:\/\/www.centremoussalaha.gov.ma\/fr\/2024\/02\/19\/cloture-de-la-13-eme-edition-du-programme-de-rehabilitation-moussalaha\/"},"author":{"name":"moussalahaeditor","@id":"https:\/\/www.centremoussalaha.gov.ma\/fr\/#\/schema\/person\/c776a901e4c0a923f350a41b5af5cc00"},"headline":"Cl\u00f4ture de la 13 \u00e8me \u00e9dition du programme Moussalaha","datePublished":"2024-02-19T10:00:00+00:00","dateModified":"2025-11-12T11:45:32+00:00","mainEntityOfPage":{"@id":"https:\/\/www.centremoussalaha.gov.ma\/fr\/2024\/02\/19\/cloture-de-la-13-eme-edition-du-programme-de-rehabilitation-moussalaha\/"},"wordCount":236,"image":{"@id":"https:\/\/www.centremoussalaha.gov.ma\/fr\/2024\/02\/19\/cloture-de-la-13-eme-edition-du-programme-de-rehabilitation-moussalaha\/#primaryimage"},"thumbnailUrl":"https:\/\/www.centremoussalaha.gov.ma\/fr\/wp-content\/uploads\/sites\/3\/2025\/11\/13-02.jpg","articleSection":["Communiqu\u00e9s de presse"],"inLanguage":"fr-FR"},{"@type":"WebPage","@id":"https:\/\/www.centremoussalaha.gov.ma\/fr\/2024\/02\/19\/cloture-de-la-13-eme-edition-du-programme-de-rehabilitation-moussalaha\/","url":"https:\/\/www.centremoussalaha.gov.ma\/fr\/2024\/02\/19\/cloture-de-la-13-eme-edition-du-programme-de-rehabilitation-moussalaha\/","name":"Cl\u00f4ture de la 13 \u00e8me \u00e9dition du programme Moussalaha - moussalaha fr","isPartOf":{"@id":"https:\/\/www.centremoussalaha.gov.ma\/fr\/#website"},"primaryImageOfPage":{"@id":"https:\/\/www.centremoussalaha.gov.ma\/fr\/2024\/02\/19\/cloture-de-la-13-eme-edition-du-programme-de-rehabilitation-moussalaha\/#primaryimage"},"image":{"@id":"https:\/\/www.centremoussalaha.gov.ma\/fr\/2024\/02\/19\/cloture-de-la-13-eme-edition-du-programme-de-rehabilitation-moussalaha\/#primaryimage"},"thumbnailUrl":"https:\/\/www.centremoussalaha.gov.ma\/fr\/wp-content\/uploads\/sites\/3\/2025\/11\/13-02.jpg","datePublished":"2024-02-19T10:00:00+00:00","dateModified":"2025-11-12T11:45:32+00:00","author":{"@id":"https:\/\/www.centremoussalaha.gov.ma\/fr\/#\/schema\/person\/c776a901e4c0a923f350a41b5af5cc00"},"breadcrumb":{"@id":"https:\/\/www.centremoussalaha.gov.ma\/fr\/2024\/02\/19\/cloture-de-la-13-eme-edition-du-programme-de-rehabilitation-moussalaha\/#breadcrumb"},"inLanguage":"fr-FR","potentialAction":[{"@type":"ReadAction","target":["https:\/\/www.centremoussalaha.gov.ma\/fr\/2024\/02\/19\/cloture-de-la-13-eme-edition-du-programme-de-rehabilitation-moussalaha\/"]}]},{"@type":"ImageObject","inLanguage":"fr-FR","@id":"https:\/\/www.centremoussalaha.gov.ma\/fr\/2024\/02\/19\/cloture-de-la-13-eme-edition-du-programme-de-rehabilitation-moussalaha\/#primaryimage","url":"https:\/\/www.centremoussalaha.gov.ma\/fr\/wp-content\/uploads\/sites\/3\/2025\/11\/13-02.jpg","contentUrl":"https:\/\/www.centremoussalaha.gov.ma\/fr\/wp-content\/uploads\/sites\/3\/2025\/11\/13-02.jpg","width":1621,"height":905},{"@type":"BreadcrumbList","@id":"https:\/\/www.centremoussalaha.gov.ma\/fr\/2024\/02\/19\/cloture-de-la-13-eme-edition-du-programme-de-rehabilitation-moussalaha\/#breadcrumb","itemListElement":[{"@type":"ListItem","position":1,"name":"Home","item":"https:\/\/www.centremoussalaha.gov.ma\/fr\/"},{"@type":"ListItem","position":2,"name":"Cl\u00f4ture de la 13 \u00e8me \u00e9dition du programme Moussalaha"}]},{"@type":"WebSite","@id":"https:\/\/www.centremoussalaha.gov.ma\/fr\/#website","url":"https:\/\/www.centremoussalaha.gov.ma\/fr\/","name":"moussalaha fr","description":"","potentialAction":[{"@type":"SearchAction","target":{"@type":"EntryPoint","urlTemplate":"https:\/\/www.centremoussalaha.gov.ma\/fr\/?s={search_term_string}"},"query-input":{"@type":"PropertyValueSpecification","valueRequired":true,"valueName":"search_term_string"}}],"inLanguage":"fr-FR"},{"@type":"Person","@id":"https:\/\/www.centremoussalaha.gov.ma\/fr\/#\/schema\/person\/c776a901e4c0a923f350a41b5af5cc00","name":"moussalahaeditor","image":{"@type":"ImageObject","inLanguage":"fr-FR","@id":"https:\/\/www.centremoussalaha.gov.ma\/fr\/#\/schema\/person\/image\/","url":"https:\/\/secure.gravatar.com\/avatar\/9a233e4c97f0ace9b041107b424a08752138f4b9b89d9f58020e9446dbcfa808?s=96&d=mm&r=g","contentUrl":"https:\/\/secure.gravatar.com\/avatar\/9a233e4c97f0ace9b041107b424a08752138f4b9b89d9f58020e9446dbcfa808?s=96&d=mm&r=g","caption":"moussalahaeditor"},"url":"https:\/\/www.centremoussalaha.gov.ma\/fr\/author\/moussalahaeditor\/"}]}},"_links":{"self":[{"href":"https:\/\/www.centremoussalaha.gov.ma\/fr\/wp-json\/wp\/v2\/posts\/16787","targetHints":{"allow":["GET"]}}],"collection":[{"href":"https:\/\/www.centremoussalaha.gov.ma\/fr\/wp-json\/wp\/v2\/posts"}],"about":[{"href":"https:\/\/www.centremoussalaha.gov.ma\/fr\/wp-json\/wp\/v2\/types\/post"}],"author":[{"embeddable":true,"href":"https:\/\/www.centremoussalaha.gov.ma\/fr\/wp-json\/wp\/v2\/users\/3"}],"replies":[{"embeddable":true,"href":"https:\/\/www.centremoussalaha.gov.ma\/fr\/wp-json\/wp\/v2\/comments?post=16787"}],"version-history":[{"count":4,"href":"https:\/\/www.centremoussalaha.gov.ma\/fr\/wp-json\/wp\/v2\/posts\/16787\/revisions"}],"predecessor-version":[{"id":16853,"href":"https:\/\/www.centremoussalaha.gov.ma\/fr\/wp-json\/wp\/v2\/posts\/16787\/revisions\/16853"}],"wp:featuredmedia":[{"embeddable":true,"href":"https:\/\/www.centremoussalaha.gov.ma\/fr\/wp-json\/wp\/v2\/media\/16789"}],"wp:attachment":[{"href":"https:\/\/www.centremoussalaha.gov.ma\/fr\/wp-json\/wp\/v2\/media?parent=16787"}],"wp:term":[{"taxonomy":"category","embeddable":true,"href":"https:\/\/www.centremoussalaha.gov.ma\/fr\/wp-json\/wp\/v2\/categories?post=16787"},{"taxonomy":"post_tag","embeddable":true,"href":"https:\/\/www.centremoussalaha.gov.ma\/fr\/wp-json\/wp\/v2\/tags?post=16787"}],"curies":[{"name":"wp","href":"https:\/\/api.w.org\/{rel}","templated":true}]}}