{"id":16778,"date":"2025-04-07T10:25:00","date_gmt":"2025-04-07T10:25:00","guid":{"rendered":"https:\/\/www.centremoussalaha.gov.ma\/fr\/?p=16778"},"modified":"2025-11-12T11:27:49","modified_gmt":"2025-11-12T11:27:49","slug":"arrivee-de-la-caravane-deducation-par-les-pairs-a-la-prison-locale-doudaya","status":"publish","type":"post","link":"https:\/\/www.centremoussalaha.gov.ma\/fr\/2025\/04\/07\/arrivee-de-la-caravane-deducation-par-les-pairs-a-la-prison-locale-doudaya\/","title":{"rendered":"Arriv\u00e9e de la caravane d\u2019\u00e9ducation par les pairs \u00e0 la prison locale d\u2019Oudaya"},"content":{"rendered":"\n<p>Le 7 avril 2025, la caravane du programme de pr\u00e9vention de l\u2019extr\u00e9misme violent et du terrorisme, organis\u00e9e par le Centre Moussalaha en partenariat avec la DGAPR, a fait escale \u00e0 la prison locale d\u2019Oudaya. Apr\u00e8s ses \u00e9tapes en mars \u00e0 la prison centrale de K\u00e9nitra ainsi qu\u2019aux \u00e9tablissements d\u2019A\u00efn Seba\u00e2 et de Tanger 2, cette initiative s\u2019inscrit dans la continuit\u00e9 d\u2019un programme global visant \u00e0 renforcer et immuniser les espaces carc\u00e9raux, \u00e0 promouvoir les valeurs de tol\u00e9rance et \u00e0 pr\u00e9venir les risques li\u00e9s \u00e0 l\u2019extr\u00e9misme violent et au terrorisme.<\/p>\n\n\n\n<p>\u00c0 Oudaya, 32 d\u00e9tenus de droit commun, dont dix femmes, ont pris part \u00e0 cette formation, portant \u00e0 122 le nombre total de b\u00e9n\u00e9ficiaires du programme, dont 16 femmes, conform\u00e9ment \u00e0 l\u2019approche genre.<\/p>\n\n\n\n<p>L\u2019objectif final est de former 240 d\u00e9tenus en tant qu\u2019\u00e9ducateurs pairs, capables \u00e0 leur tour de sensibiliser pr\u00e8s de 22 000 d\u00e9tenus, r\u00e9partis sur huit \u00e9tablissements p\u00e9nitentiaires, en leur transmettant des comp\u00e9tences et des outils de renforcement et d\u2019immunisation contre l\u2019id\u00e9ologie extr\u00e9miste.<\/p>\n\n\n\n<p>Cette d\u00e9marche d\u2019immunisation contre la pens\u00e9e extr\u00e9miste repose sur des approches et m\u00e9canismes scientifiques diversifi\u00e9s, mobilisant des outils int\u00e9gr\u00e9s et efficaces, dans le cadre innovant de l\u2019\u00ab \u00e9ducation par les pairs \u00bb.<\/p>\n\n\n\n<p>Les ateliers du programme sont anim\u00e9s par le personnel de la DGAPR, ayant suivi plusieurs formations au Centre de formation des cadres de Tiflet.<\/p>\n\n\n\n<p>Ces formations leur ont permis d&rsquo;acqu\u00e9rir des connaissances th\u00e9oriques et m\u00e9thodologiques approfondies sur l&rsquo;extr\u00e9misme violent et le terrorisme, tant sur le plan cognitif que pratique. Elles sont encadr\u00e9es par des experts et professeurs sp\u00e9cialis\u00e9s issus de la Rabita Mohammedia des Oul\u00e9mas.<\/p>\n\n\n\n<p>Par ailleurs, cinq anciens d\u00e9tenus, auparavant impliqu\u00e9s dans des affaires li\u00e9es \u00e0 l\u2019extr\u00e9misme et au terrorisme, dipl\u00f4m\u00e9s du Programme Moussalaha et lib\u00e9r\u00e9s par gr\u00e2ce royale, participent \u00e9galement \u00e0 ces ateliers. Ils y partagent leur exp\u00e9rience personnelle et t\u00e9moignent de leur parcours de d\u00e9sengagement de l\u2019id\u00e9ologie extr\u00e9miste, offrant ainsi un exemple concret et inspirant aux participants.<\/p>\n\n\n\n<p>La c\u00e9r\u00e9monie de cl\u00f4ture de cette session s&rsquo;est d\u00e9roul\u00e9e en pr\u00e9sence du directeur du Centre Moussalaha, du directeur de l&rsquo;institution susmentionn\u00e9e, ainsi que des experts et enseignants encadrant le programme.<\/p>\n","protected":false},"excerpt":{"rendered":"<p>Le 7 avril 2025, la caravane du programme de pr\u00e9vention de l\u2019extr\u00e9misme violent et du terrorisme, organis\u00e9e par le Centre Moussalaha en partenariat avec la DGAPR, a fait escale \u00e0 la prison locale d\u2019Oudaya. Apr\u00e8s ses \u00e9tapes en mars \u00e0 la prison centrale de K\u00e9nitra ainsi qu\u2019aux \u00e9tablissements d\u2019A\u00efn Seba\u00e2 et de Tanger 2, cette &hellip;<\/p>\n","protected":false},"author":3,"featured_media":10000016974,"comment_status":"closed","ping_status":"closed","sticky":false,"template":"","format":"standard","meta":{"inline_featured_image":false,"footnotes":""},"categories":[3],"tags":[],"class_list":["post-16778","post","type-post","status-publish","format-standard","has-post-thumbnail","hentry","category-communiques-de-presse"],"yoast_head":"<!-- This site is optimized with the Yoast SEO plugin v27.0 - https:\/\/yoast.com\/product\/yoast-seo-wordpress\/ -->\n<title>Arriv\u00e9e de la caravane d\u2019\u00e9ducation par les pairs \u00e0 la prison locale d\u2019Oudaya - moussalaha fr<\/title>\n<meta name=\"robots\" content=\"index, follow, max-snippet:-1, max-image-preview:large, max-video-preview:-1\" \/>\n<link rel=\"canonical\" href=\"https:\/\/www.centremoussalaha.gov.ma\/fr\/2025\/04\/07\/arrivee-de-la-caravane-deducation-par-les-pairs-a-la-prison-locale-doudaya\/\" \/>\n<meta property=\"og:locale\" content=\"fr_FR\" \/>\n<meta property=\"og:type\" content=\"article\" \/>\n<meta property=\"og:title\" content=\"Arriv\u00e9e de la caravane d\u2019\u00e9ducation par les pairs \u00e0 la prison locale d\u2019Oudaya - moussalaha fr\" \/>\n<meta property=\"og:description\" content=\"Le 7 avril 2025, la caravane du programme de pr\u00e9vention de l\u2019extr\u00e9misme violent et du terrorisme, organis\u00e9e par le Centre Moussalaha en partenariat avec la DGAPR, a fait escale \u00e0 la prison locale d\u2019Oudaya. Apr\u00e8s ses \u00e9tapes en mars \u00e0 la prison centrale de K\u00e9nitra ainsi qu\u2019aux \u00e9tablissements d\u2019A\u00efn Seba\u00e2 et de Tanger 2, cette &hellip;\" \/>\n<meta property=\"og:url\" content=\"https:\/\/www.centremoussalaha.gov.ma\/fr\/2025\/04\/07\/arrivee-de-la-caravane-deducation-par-les-pairs-a-la-prison-locale-doudaya\/\" \/>\n<meta property=\"og:site_name\" content=\"moussalaha fr\" \/>\n<meta property=\"article:published_time\" content=\"2025-04-07T10:25:00+00:00\" \/>\n<meta property=\"article:modified_time\" content=\"2025-11-12T11:27:49+00:00\" \/>\n<meta name=\"author\" content=\"moussalahaeditor\" \/>\n<meta name=\"twitter:card\" content=\"summary_large_image\" \/>\n<meta name=\"twitter:label1\" content=\"\u00c9crit par\" \/>\n\t<meta name=\"twitter:data1\" content=\"moussalahaeditor\" \/>\n\t<meta name=\"twitter:label2\" content=\"Dur\u00e9e de lecture estim\u00e9e\" \/>\n\t<meta name=\"twitter:data2\" content=\"2 minutes\" \/>\n<script type=\"application\/ld+json\" class=\"yoast-schema-graph\">{\"@context\":\"https:\/\/schema.org\",\"@graph\":[{\"@type\":\"Article\",\"@id\":\"https:\/\/www.centremoussalaha.gov.ma\/fr\/2025\/04\/07\/arrivee-de-la-caravane-deducation-par-les-pairs-a-la-prison-locale-doudaya\/#article\",\"isPartOf\":{\"@id\":\"https:\/\/www.centremoussalaha.gov.ma\/fr\/2025\/04\/07\/arrivee-de-la-caravane-deducation-par-les-pairs-a-la-prison-locale-doudaya\/\"},\"author\":{\"name\":\"moussalahaeditor\",\"@id\":\"https:\/\/www.centremoussalaha.gov.ma\/fr\/#\/schema\/person\/c776a901e4c0a923f350a41b5af5cc00\"},\"headline\":\"Arriv\u00e9e de la caravane d\u2019\u00e9ducation par les pairs \u00e0 la prison locale d\u2019Oudaya\",\"datePublished\":\"2025-04-07T10:25:00+00:00\",\"dateModified\":\"2025-11-12T11:27:49+00:00\",\"mainEntityOfPage\":{\"@id\":\"https:\/\/www.centremoussalaha.gov.ma\/fr\/2025\/04\/07\/arrivee-de-la-caravane-deducation-par-les-pairs-a-la-prison-locale-doudaya\/\"},\"wordCount\":417,\"image\":{\"@id\":\"https:\/\/www.centremoussalaha.gov.ma\/fr\/2025\/04\/07\/arrivee-de-la-caravane-deducation-par-les-pairs-a-la-prison-locale-doudaya\/#primaryimage\"},\"thumbnailUrl\":\"https:\/\/www.centremoussalaha.gov.ma\/wp-content\/uploads\/2025\/06\/EPP-OUDAYA-f.jpg\",\"articleSection\":[\"Communiqu\u00e9s de presse\"],\"inLanguage\":\"fr-FR\"},{\"@type\":\"WebPage\",\"@id\":\"https:\/\/www.centremoussalaha.gov.ma\/fr\/2025\/04\/07\/arrivee-de-la-caravane-deducation-par-les-pairs-a-la-prison-locale-doudaya\/\",\"url\":\"https:\/\/www.centremoussalaha.gov.ma\/fr\/2025\/04\/07\/arrivee-de-la-caravane-deducation-par-les-pairs-a-la-prison-locale-doudaya\/\",\"name\":\"Arriv\u00e9e de la caravane d\u2019\u00e9ducation par les pairs \u00e0 la prison locale d\u2019Oudaya - moussalaha fr\",\"isPartOf\":{\"@id\":\"https:\/\/www.centremoussalaha.gov.ma\/fr\/#website\"},\"primaryImageOfPage\":{\"@id\":\"https:\/\/www.centremoussalaha.gov.ma\/fr\/2025\/04\/07\/arrivee-de-la-caravane-deducation-par-les-pairs-a-la-prison-locale-doudaya\/#primaryimage\"},\"image\":{\"@id\":\"https:\/\/www.centremoussalaha.gov.ma\/fr\/2025\/04\/07\/arrivee-de-la-caravane-deducation-par-les-pairs-a-la-prison-locale-doudaya\/#primaryimage\"},\"thumbnailUrl\":\"https:\/\/www.centremoussalaha.gov.ma\/wp-content\/uploads\/2025\/06\/EPP-OUDAYA-f.jpg\",\"datePublished\":\"2025-04-07T10:25:00+00:00\",\"dateModified\":\"2025-11-12T11:27:49+00:00\",\"author\":{\"@id\":\"https:\/\/www.centremoussalaha.gov.ma\/fr\/#\/schema\/person\/c776a901e4c0a923f350a41b5af5cc00\"},\"breadcrumb\":{\"@id\":\"https:\/\/www.centremoussalaha.gov.ma\/fr\/2025\/04\/07\/arrivee-de-la-caravane-deducation-par-les-pairs-a-la-prison-locale-doudaya\/#breadcrumb\"},\"inLanguage\":\"fr-FR\",\"potentialAction\":[{\"@type\":\"ReadAction\",\"target\":[\"https:\/\/www.centremoussalaha.gov.ma\/fr\/2025\/04\/07\/arrivee-de-la-caravane-deducation-par-les-pairs-a-la-prison-locale-doudaya\/\"]}]},{\"@type\":\"ImageObject\",\"inLanguage\":\"fr-FR\",\"@id\":\"https:\/\/www.centremoussalaha.gov.ma\/fr\/2025\/04\/07\/arrivee-de-la-caravane-deducation-par-les-pairs-a-la-prison-locale-doudaya\/#primaryimage\",\"url\":\"https:\/\/www.centremoussalaha.gov.ma\/wp-content\/uploads\/2025\/06\/EPP-OUDAYA-f.jpg\",\"contentUrl\":\"https:\/\/www.centremoussalaha.gov.ma\/wp-content\/uploads\/2025\/06\/EPP-OUDAYA-f.jpg\"},{\"@type\":\"BreadcrumbList\",\"@id\":\"https:\/\/www.centremoussalaha.gov.ma\/fr\/2025\/04\/07\/arrivee-de-la-caravane-deducation-par-les-pairs-a-la-prison-locale-doudaya\/#breadcrumb\",\"itemListElement\":[{\"@type\":\"ListItem\",\"position\":1,\"name\":\"Home\",\"item\":\"https:\/\/www.centremoussalaha.gov.ma\/fr\/\"},{\"@type\":\"ListItem\",\"position\":2,\"name\":\"Arriv\u00e9e de la caravane d\u2019\u00e9ducation par les pairs \u00e0 la prison locale d\u2019Oudaya\"}]},{\"@type\":\"WebSite\",\"@id\":\"https:\/\/www.centremoussalaha.gov.ma\/fr\/#website\",\"url\":\"https:\/\/www.centremoussalaha.gov.ma\/fr\/\",\"name\":\"moussalaha fr\",\"description\":\"\",\"potentialAction\":[{\"@type\":\"SearchAction\",\"target\":{\"@type\":\"EntryPoint\",\"urlTemplate\":\"https:\/\/www.centremoussalaha.gov.ma\/fr\/?s={search_term_string}\"},\"query-input\":{\"@type\":\"PropertyValueSpecification\",\"valueRequired\":true,\"valueName\":\"search_term_string\"}}],\"inLanguage\":\"fr-FR\"},{\"@type\":\"Person\",\"@id\":\"https:\/\/www.centremoussalaha.gov.ma\/fr\/#\/schema\/person\/c776a901e4c0a923f350a41b5af5cc00\",\"name\":\"moussalahaeditor\",\"image\":{\"@type\":\"ImageObject\",\"inLanguage\":\"fr-FR\",\"@id\":\"https:\/\/www.centremoussalaha.gov.ma\/fr\/#\/schema\/person\/image\/\",\"url\":\"https:\/\/secure.gravatar.com\/avatar\/9a233e4c97f0ace9b041107b424a08752138f4b9b89d9f58020e9446dbcfa808?s=96&d=mm&r=g\",\"contentUrl\":\"https:\/\/secure.gravatar.com\/avatar\/9a233e4c97f0ace9b041107b424a08752138f4b9b89d9f58020e9446dbcfa808?s=96&d=mm&r=g\",\"caption\":\"moussalahaeditor\"},\"url\":\"https:\/\/www.centremoussalaha.gov.ma\/fr\/author\/moussalahaeditor\/\"}]}<\/script>\n<!-- \/ Yoast SEO plugin. -->","yoast_head_json":{"title":"Arriv\u00e9e de la caravane d\u2019\u00e9ducation par les pairs \u00e0 la prison locale d\u2019Oudaya - moussalaha fr","robots":{"index":"index","follow":"follow","max-snippet":"max-snippet:-1","max-image-preview":"max-image-preview:large","max-video-preview":"max-video-preview:-1"},"canonical":"https:\/\/www.centremoussalaha.gov.ma\/fr\/2025\/04\/07\/arrivee-de-la-caravane-deducation-par-les-pairs-a-la-prison-locale-doudaya\/","og_locale":"fr_FR","og_type":"article","og_title":"Arriv\u00e9e de la caravane d\u2019\u00e9ducation par les pairs \u00e0 la prison locale d\u2019Oudaya - moussalaha fr","og_description":"Le 7 avril 2025, la caravane du programme de pr\u00e9vention de l\u2019extr\u00e9misme violent et du terrorisme, organis\u00e9e par le Centre Moussalaha en partenariat avec la DGAPR, a fait escale \u00e0 la prison locale d\u2019Oudaya. Apr\u00e8s ses \u00e9tapes en mars \u00e0 la prison centrale de K\u00e9nitra ainsi qu\u2019aux \u00e9tablissements d\u2019A\u00efn Seba\u00e2 et de Tanger 2, cette &hellip;","og_url":"https:\/\/www.centremoussalaha.gov.ma\/fr\/2025\/04\/07\/arrivee-de-la-caravane-deducation-par-les-pairs-a-la-prison-locale-doudaya\/","og_site_name":"moussalaha fr","article_published_time":"2025-04-07T10:25:00+00:00","article_modified_time":"2025-11-12T11:27:49+00:00","author":"moussalahaeditor","twitter_card":"summary_large_image","twitter_misc":{"\u00c9crit par":"moussalahaeditor","Dur\u00e9e de lecture estim\u00e9e":"2 minutes"},"schema":{"@context":"https:\/\/schema.org","@graph":[{"@type":"Article","@id":"https:\/\/www.centremoussalaha.gov.ma\/fr\/2025\/04\/07\/arrivee-de-la-caravane-deducation-par-les-pairs-a-la-prison-locale-doudaya\/#article","isPartOf":{"@id":"https:\/\/www.centremoussalaha.gov.ma\/fr\/2025\/04\/07\/arrivee-de-la-caravane-deducation-par-les-pairs-a-la-prison-locale-doudaya\/"},"author":{"name":"moussalahaeditor","@id":"https:\/\/www.centremoussalaha.gov.ma\/fr\/#\/schema\/person\/c776a901e4c0a923f350a41b5af5cc00"},"headline":"Arriv\u00e9e de la caravane d\u2019\u00e9ducation par les pairs \u00e0 la prison locale d\u2019Oudaya","datePublished":"2025-04-07T10:25:00+00:00","dateModified":"2025-11-12T11:27:49+00:00","mainEntityOfPage":{"@id":"https:\/\/www.centremoussalaha.gov.ma\/fr\/2025\/04\/07\/arrivee-de-la-caravane-deducation-par-les-pairs-a-la-prison-locale-doudaya\/"},"wordCount":417,"image":{"@id":"https:\/\/www.centremoussalaha.gov.ma\/fr\/2025\/04\/07\/arrivee-de-la-caravane-deducation-par-les-pairs-a-la-prison-locale-doudaya\/#primaryimage"},"thumbnailUrl":"https:\/\/www.centremoussalaha.gov.ma\/wp-content\/uploads\/2025\/06\/EPP-OUDAYA-f.jpg","articleSection":["Communiqu\u00e9s de presse"],"inLanguage":"fr-FR"},{"@type":"WebPage","@id":"https:\/\/www.centremoussalaha.gov.ma\/fr\/2025\/04\/07\/arrivee-de-la-caravane-deducation-par-les-pairs-a-la-prison-locale-doudaya\/","url":"https:\/\/www.centremoussalaha.gov.ma\/fr\/2025\/04\/07\/arrivee-de-la-caravane-deducation-par-les-pairs-a-la-prison-locale-doudaya\/","name":"Arriv\u00e9e de la caravane d\u2019\u00e9ducation par les pairs \u00e0 la prison locale d\u2019Oudaya - moussalaha fr","isPartOf":{"@id":"https:\/\/www.centremoussalaha.gov.ma\/fr\/#website"},"primaryImageOfPage":{"@id":"https:\/\/www.centremoussalaha.gov.ma\/fr\/2025\/04\/07\/arrivee-de-la-caravane-deducation-par-les-pairs-a-la-prison-locale-doudaya\/#primaryimage"},"image":{"@id":"https:\/\/www.centremoussalaha.gov.ma\/fr\/2025\/04\/07\/arrivee-de-la-caravane-deducation-par-les-pairs-a-la-prison-locale-doudaya\/#primaryimage"},"thumbnailUrl":"https:\/\/www.centremoussalaha.gov.ma\/wp-content\/uploads\/2025\/06\/EPP-OUDAYA-f.jpg","datePublished":"2025-04-07T10:25:00+00:00","dateModified":"2025-11-12T11:27:49+00:00","author":{"@id":"https:\/\/www.centremoussalaha.gov.ma\/fr\/#\/schema\/person\/c776a901e4c0a923f350a41b5af5cc00"},"breadcrumb":{"@id":"https:\/\/www.centremoussalaha.gov.ma\/fr\/2025\/04\/07\/arrivee-de-la-caravane-deducation-par-les-pairs-a-la-prison-locale-doudaya\/#breadcrumb"},"inLanguage":"fr-FR","potentialAction":[{"@type":"ReadAction","target":["https:\/\/www.centremoussalaha.gov.ma\/fr\/2025\/04\/07\/arrivee-de-la-caravane-deducation-par-les-pairs-a-la-prison-locale-doudaya\/"]}]},{"@type":"ImageObject","inLanguage":"fr-FR","@id":"https:\/\/www.centremoussalaha.gov.ma\/fr\/2025\/04\/07\/arrivee-de-la-caravane-deducation-par-les-pairs-a-la-prison-locale-doudaya\/#primaryimage","url":"https:\/\/www.centremoussalaha.gov.ma\/wp-content\/uploads\/2025\/06\/EPP-OUDAYA-f.jpg","contentUrl":"https:\/\/www.centremoussalaha.gov.ma\/wp-content\/uploads\/2025\/06\/EPP-OUDAYA-f.jpg"},{"@type":"BreadcrumbList","@id":"https:\/\/www.centremoussalaha.gov.ma\/fr\/2025\/04\/07\/arrivee-de-la-caravane-deducation-par-les-pairs-a-la-prison-locale-doudaya\/#breadcrumb","itemListElement":[{"@type":"ListItem","position":1,"name":"Home","item":"https:\/\/www.centremoussalaha.gov.ma\/fr\/"},{"@type":"ListItem","position":2,"name":"Arriv\u00e9e de la caravane d\u2019\u00e9ducation par les pairs \u00e0 la prison locale d\u2019Oudaya"}]},{"@type":"WebSite","@id":"https:\/\/www.centremoussalaha.gov.ma\/fr\/#website","url":"https:\/\/www.centremoussalaha.gov.ma\/fr\/","name":"moussalaha fr","description":"","potentialAction":[{"@type":"SearchAction","target":{"@type":"EntryPoint","urlTemplate":"https:\/\/www.centremoussalaha.gov.ma\/fr\/?s={search_term_string}"},"query-input":{"@type":"PropertyValueSpecification","valueRequired":true,"valueName":"search_term_string"}}],"inLanguage":"fr-FR"},{"@type":"Person","@id":"https:\/\/www.centremoussalaha.gov.ma\/fr\/#\/schema\/person\/c776a901e4c0a923f350a41b5af5cc00","name":"moussalahaeditor","image":{"@type":"ImageObject","inLanguage":"fr-FR","@id":"https:\/\/www.centremoussalaha.gov.ma\/fr\/#\/schema\/person\/image\/","url":"https:\/\/secure.gravatar.com\/avatar\/9a233e4c97f0ace9b041107b424a08752138f4b9b89d9f58020e9446dbcfa808?s=96&d=mm&r=g","contentUrl":"https:\/\/secure.gravatar.com\/avatar\/9a233e4c97f0ace9b041107b424a08752138f4b9b89d9f58020e9446dbcfa808?s=96&d=mm&r=g","caption":"moussalahaeditor"},"url":"https:\/\/www.centremoussalaha.gov.ma\/fr\/author\/moussalahaeditor\/"}]}},"_links":{"self":[{"href":"https:\/\/www.centremoussalaha.gov.ma\/fr\/wp-json\/wp\/v2\/posts\/16778","targetHints":{"allow":["GET"]}}],"collection":[{"href":"https:\/\/www.centremoussalaha.gov.ma\/fr\/wp-json\/wp\/v2\/posts"}],"about":[{"href":"https:\/\/www.centremoussalaha.gov.ma\/fr\/wp-json\/wp\/v2\/types\/post"}],"author":[{"embeddable":true,"href":"https:\/\/www.centremoussalaha.gov.ma\/fr\/wp-json\/wp\/v2\/users\/3"}],"replies":[{"embeddable":true,"href":"https:\/\/www.centremoussalaha.gov.ma\/fr\/wp-json\/wp\/v2\/comments?post=16778"}],"version-history":[{"count":1,"href":"https:\/\/www.centremoussalaha.gov.ma\/fr\/wp-json\/wp\/v2\/posts\/16778\/revisions"}],"predecessor-version":[{"id":16782,"href":"https:\/\/www.centremoussalaha.gov.ma\/fr\/wp-json\/wp\/v2\/posts\/16778\/revisions\/16782"}],"wp:featuredmedia":[{"embeddable":true,"href":"https:\/\/www.centremoussalaha.gov.ma\/fr\/wp-json\/"}],"wp:attachment":[{"href":"https:\/\/www.centremoussalaha.gov.ma\/fr\/wp-json\/wp\/v2\/media?parent=16778"}],"wp:term":[{"taxonomy":"category","embeddable":true,"href":"https:\/\/www.centremoussalaha.gov.ma\/fr\/wp-json\/wp\/v2\/categories?post=16778"},{"taxonomy":"post_tag","embeddable":true,"href":"https:\/\/www.centremoussalaha.gov.ma\/fr\/wp-json\/wp\/v2\/tags?post=16778"}],"curies":[{"name":"wp","href":"https:\/\/api.w.org\/{rel}","templated":true}]}}