{"id":16769,"date":"2024-06-22T11:46:00","date_gmt":"2024-06-22T11:46:00","guid":{"rendered":"https:\/\/www.centremoussalaha.gov.ma\/fr\/?p=16769"},"modified":"2025-11-12T11:24:01","modified_gmt":"2025-11-12T11:24:01","slug":"communique-de-la-cloture-du-programme-conferences-scientifiques-a-la-prison-locale-de-sale","status":"publish","type":"post","link":"https:\/\/www.centremoussalaha.gov.ma\/fr\/2024\/06\/22\/communique-de-la-cloture-du-programme-conferences-scientifiques-a-la-prison-locale-de-sale\/","title":{"rendered":"Cl\u00f4ture du programme \u00ab Conf\u00e9rences scientifiques \u00bb \u00e0 la Prison Locale de Sal\u00e9"},"content":{"rendered":"\n<p>Dans le cadre de son engagement constant en faveur de la lutte contre l\u2019id\u00e9ologie extr\u00e9miste en milieu carc\u00e9ral, le <strong>Centre Moussalaha<\/strong> a cl\u00f4tur\u00e9, le 20 juin 2025, le programme <strong>\u00ab Conf\u00e9rences scientifiques \u00bb<\/strong> \u00e0 la Prison locale de Sal\u00e9. Ce cycle, men\u00e9 avec un travail soutenu durant six mois dans plusieurs \u00e9tablissements p\u00e9nitentiaires du Royaume, constitue une pierre angulaire des initiatives de r\u00e9insertion des d\u00e9tenus poursuivis au titre de la loi antiterroriste. Il s\u2019inscrit pleinement dans la strat\u00e9gie globale du Centre, visant \u00e0 d\u00e9construire le discours extr\u00e9miste et \u00e0 promouvoir les valeurs de tol\u00e9rance, de mod\u00e9ration et de coexistence.<\/p>\n\n\n\n<p>Au total, 345 d\u00e9tenus ont b\u00e9n\u00e9fici\u00e9 de ce programme, r\u00e9partis sur 12 sessions de formation anim\u00e9es par des experts de la Rabita Mohammedia des Oul\u00e9mas. Les conf\u00e9rences ont abord\u00e9 plusieurs th\u00e9matiques essentielles, telles que\u00a0:<\/p>\n\n\n\n<ul class=\"wp-block-list\">\n<li>La consolidation de la mod\u00e9ration,<\/li>\n\n\n\n<li>Le rejet de l\u2019extr\u00e9misme,<\/li>\n\n\n\n<li>L\u2019harmonisation entre foi et doctrine,<\/li>\n\n\n\n<li>Les m\u00e9thodes d\u2019interpr\u00e9tation des textes religieux,<\/li>\n\n\n\n<li>Les limites de l\u2019interpr\u00e9tation religieuse,<\/li>\n\n\n\n<li>Et la d\u00e9construction du discours extr\u00e9miste violent.<\/li>\n<\/ul>\n\n\n\n<p>Les r\u00e9sultats de cette initiative se sont r\u00e9v\u00e9l\u00e9s tr\u00e8s positifs : plusieurs d\u00e9tenus ont exprim\u00e9 le souhait de prolonger la dur\u00e9e des sessions, ont formul\u00e9 des demandes pour l\u2019organisation de nouvelles conf\u00e9rences et ont manifest\u00e9 un int\u00e9r\u00eat marqu\u00e9 pour participer \u00e0 d\u2019autres programmes similaires, d\u00e9di\u00e9s \u00e0 la sensibilisation et \u00e0 la d\u00e9construction des discours extr\u00e9mistes.<\/p>\n\n\n\n<p>La c\u00e9r\u00e9monie de cl\u00f4ture s\u2019est tenue en pr\u00e9sence du Secr\u00e9taire G\u00e9n\u00e9ral de la Rabita Mohammedia des Oul\u00e9mas, Pr\u00e9sident du Centre Moussalaha, du D\u00e9l\u00e9gu\u00e9 G\u00e9n\u00e9ral de la DGAPR, ainsi que de plusieurs partenaires institutionnels, experts et enseignants encadrant le programme.<\/p>\n","protected":false},"excerpt":{"rendered":"<p>Dans le cadre de son engagement constant en faveur de la lutte contre l\u2019id\u00e9ologie extr\u00e9miste en milieu carc\u00e9ral, le Centre Moussalaha a cl\u00f4tur\u00e9, le 20 juin 2025, le programme \u00ab Conf\u00e9rences scientifiques \u00bb \u00e0 la Prison locale de Sal\u00e9. Ce cycle, men\u00e9 avec un travail soutenu durant six mois dans plusieurs \u00e9tablissements p\u00e9nitentiaires du Royaume, &hellip;<\/p>\n","protected":false},"author":3,"featured_media":10000016981,"comment_status":"closed","ping_status":"closed","sticky":false,"template":"","format":"standard","meta":{"inline_featured_image":false,"footnotes":""},"categories":[3],"tags":[],"class_list":["post-16769","post","type-post","status-publish","format-standard","has-post-thumbnail","hentry","category-communiques-de-presse"],"yoast_head":"<!-- This site is optimized with the Yoast SEO plugin v27.0 - https:\/\/yoast.com\/product\/yoast-seo-wordpress\/ -->\n<title>Cl\u00f4ture du programme \u00ab Conf\u00e9rences scientifiques \u00bb \u00e0 la Prison Locale de Sal\u00e9 - moussalaha fr<\/title>\n<meta name=\"robots\" content=\"index, follow, max-snippet:-1, max-image-preview:large, max-video-preview:-1\" \/>\n<link rel=\"canonical\" href=\"https:\/\/www.centremoussalaha.gov.ma\/fr\/2024\/06\/22\/communique-de-la-cloture-du-programme-conferences-scientifiques-a-la-prison-locale-de-sale\/\" \/>\n<meta property=\"og:locale\" content=\"fr_FR\" \/>\n<meta property=\"og:type\" content=\"article\" \/>\n<meta property=\"og:title\" content=\"Cl\u00f4ture du programme \u00ab Conf\u00e9rences scientifiques \u00bb \u00e0 la Prison Locale de Sal\u00e9 - moussalaha fr\" \/>\n<meta property=\"og:description\" content=\"Dans le cadre de son engagement constant en faveur de la lutte contre l\u2019id\u00e9ologie extr\u00e9miste en milieu carc\u00e9ral, le Centre Moussalaha a cl\u00f4tur\u00e9, le 20 juin 2025, le programme \u00ab Conf\u00e9rences scientifiques \u00bb \u00e0 la Prison locale de Sal\u00e9. Ce cycle, men\u00e9 avec un travail soutenu durant six mois dans plusieurs \u00e9tablissements p\u00e9nitentiaires du Royaume, &hellip;\" \/>\n<meta property=\"og:url\" content=\"https:\/\/www.centremoussalaha.gov.ma\/fr\/2024\/06\/22\/communique-de-la-cloture-du-programme-conferences-scientifiques-a-la-prison-locale-de-sale\/\" \/>\n<meta property=\"og:site_name\" content=\"moussalaha fr\" \/>\n<meta property=\"article:published_time\" content=\"2024-06-22T11:46:00+00:00\" \/>\n<meta property=\"article:modified_time\" content=\"2025-11-12T11:24:01+00:00\" \/>\n<meta name=\"author\" content=\"moussalahaeditor\" \/>\n<meta name=\"twitter:card\" content=\"summary_large_image\" \/>\n<meta name=\"twitter:label1\" content=\"\u00c9crit par\" \/>\n\t<meta name=\"twitter:data1\" content=\"moussalahaeditor\" \/>\n\t<meta name=\"twitter:label2\" content=\"Dur\u00e9e de lecture estim\u00e9e\" \/>\n\t<meta name=\"twitter:data2\" content=\"2 minutes\" \/>\n<script type=\"application\/ld+json\" class=\"yoast-schema-graph\">{\"@context\":\"https:\/\/schema.org\",\"@graph\":[{\"@type\":\"Article\",\"@id\":\"https:\/\/www.centremoussalaha.gov.ma\/fr\/2024\/06\/22\/communique-de-la-cloture-du-programme-conferences-scientifiques-a-la-prison-locale-de-sale\/#article\",\"isPartOf\":{\"@id\":\"https:\/\/www.centremoussalaha.gov.ma\/fr\/2024\/06\/22\/communique-de-la-cloture-du-programme-conferences-scientifiques-a-la-prison-locale-de-sale\/\"},\"author\":{\"name\":\"moussalahaeditor\",\"@id\":\"https:\/\/www.centremoussalaha.gov.ma\/fr\/#\/schema\/person\/c776a901e4c0a923f350a41b5af5cc00\"},\"headline\":\"Cl\u00f4ture du programme \u00ab Conf\u00e9rences scientifiques \u00bb \u00e0 la Prison Locale de Sal\u00e9\",\"datePublished\":\"2024-06-22T11:46:00+00:00\",\"dateModified\":\"2025-11-12T11:24:01+00:00\",\"mainEntityOfPage\":{\"@id\":\"https:\/\/www.centremoussalaha.gov.ma\/fr\/2024\/06\/22\/communique-de-la-cloture-du-programme-conferences-scientifiques-a-la-prison-locale-de-sale\/\"},\"wordCount\":322,\"image\":{\"@id\":\"https:\/\/www.centremoussalaha.gov.ma\/fr\/2024\/06\/22\/communique-de-la-cloture-du-programme-conferences-scientifiques-a-la-prison-locale-de-sale\/#primaryimage\"},\"thumbnailUrl\":\"https:\/\/www.centremoussalaha.gov.ma\/wp-content\/uploads\/2025\/06\/CS-sale-s-1.jpg\",\"articleSection\":[\"Communiqu\u00e9s de presse\"],\"inLanguage\":\"fr-FR\"},{\"@type\":\"WebPage\",\"@id\":\"https:\/\/www.centremoussalaha.gov.ma\/fr\/2024\/06\/22\/communique-de-la-cloture-du-programme-conferences-scientifiques-a-la-prison-locale-de-sale\/\",\"url\":\"https:\/\/www.centremoussalaha.gov.ma\/fr\/2024\/06\/22\/communique-de-la-cloture-du-programme-conferences-scientifiques-a-la-prison-locale-de-sale\/\",\"name\":\"Cl\u00f4ture du programme \u00ab Conf\u00e9rences scientifiques \u00bb \u00e0 la Prison Locale de Sal\u00e9 - moussalaha fr\",\"isPartOf\":{\"@id\":\"https:\/\/www.centremoussalaha.gov.ma\/fr\/#website\"},\"primaryImageOfPage\":{\"@id\":\"https:\/\/www.centremoussalaha.gov.ma\/fr\/2024\/06\/22\/communique-de-la-cloture-du-programme-conferences-scientifiques-a-la-prison-locale-de-sale\/#primaryimage\"},\"image\":{\"@id\":\"https:\/\/www.centremoussalaha.gov.ma\/fr\/2024\/06\/22\/communique-de-la-cloture-du-programme-conferences-scientifiques-a-la-prison-locale-de-sale\/#primaryimage\"},\"thumbnailUrl\":\"https:\/\/www.centremoussalaha.gov.ma\/wp-content\/uploads\/2025\/06\/CS-sale-s-1.jpg\",\"datePublished\":\"2024-06-22T11:46:00+00:00\",\"dateModified\":\"2025-11-12T11:24:01+00:00\",\"author\":{\"@id\":\"https:\/\/www.centremoussalaha.gov.ma\/fr\/#\/schema\/person\/c776a901e4c0a923f350a41b5af5cc00\"},\"breadcrumb\":{\"@id\":\"https:\/\/www.centremoussalaha.gov.ma\/fr\/2024\/06\/22\/communique-de-la-cloture-du-programme-conferences-scientifiques-a-la-prison-locale-de-sale\/#breadcrumb\"},\"inLanguage\":\"fr-FR\",\"potentialAction\":[{\"@type\":\"ReadAction\",\"target\":[\"https:\/\/www.centremoussalaha.gov.ma\/fr\/2024\/06\/22\/communique-de-la-cloture-du-programme-conferences-scientifiques-a-la-prison-locale-de-sale\/\"]}]},{\"@type\":\"ImageObject\",\"inLanguage\":\"fr-FR\",\"@id\":\"https:\/\/www.centremoussalaha.gov.ma\/fr\/2024\/06\/22\/communique-de-la-cloture-du-programme-conferences-scientifiques-a-la-prison-locale-de-sale\/#primaryimage\",\"url\":\"https:\/\/www.centremoussalaha.gov.ma\/wp-content\/uploads\/2025\/06\/CS-sale-s-1.jpg\",\"contentUrl\":\"https:\/\/www.centremoussalaha.gov.ma\/wp-content\/uploads\/2025\/06\/CS-sale-s-1.jpg\"},{\"@type\":\"BreadcrumbList\",\"@id\":\"https:\/\/www.centremoussalaha.gov.ma\/fr\/2024\/06\/22\/communique-de-la-cloture-du-programme-conferences-scientifiques-a-la-prison-locale-de-sale\/#breadcrumb\",\"itemListElement\":[{\"@type\":\"ListItem\",\"position\":1,\"name\":\"Home\",\"item\":\"https:\/\/www.centremoussalaha.gov.ma\/fr\/\"},{\"@type\":\"ListItem\",\"position\":2,\"name\":\"Cl\u00f4ture du programme \u00ab Conf\u00e9rences scientifiques \u00bb \u00e0 la Prison Locale de Sal\u00e9\"}]},{\"@type\":\"WebSite\",\"@id\":\"https:\/\/www.centremoussalaha.gov.ma\/fr\/#website\",\"url\":\"https:\/\/www.centremoussalaha.gov.ma\/fr\/\",\"name\":\"moussalaha fr\",\"description\":\"\",\"potentialAction\":[{\"@type\":\"SearchAction\",\"target\":{\"@type\":\"EntryPoint\",\"urlTemplate\":\"https:\/\/www.centremoussalaha.gov.ma\/fr\/?s={search_term_string}\"},\"query-input\":{\"@type\":\"PropertyValueSpecification\",\"valueRequired\":true,\"valueName\":\"search_term_string\"}}],\"inLanguage\":\"fr-FR\"},{\"@type\":\"Person\",\"@id\":\"https:\/\/www.centremoussalaha.gov.ma\/fr\/#\/schema\/person\/c776a901e4c0a923f350a41b5af5cc00\",\"name\":\"moussalahaeditor\",\"image\":{\"@type\":\"ImageObject\",\"inLanguage\":\"fr-FR\",\"@id\":\"https:\/\/www.centremoussalaha.gov.ma\/fr\/#\/schema\/person\/image\/\",\"url\":\"https:\/\/secure.gravatar.com\/avatar\/9a233e4c97f0ace9b041107b424a08752138f4b9b89d9f58020e9446dbcfa808?s=96&d=mm&r=g\",\"contentUrl\":\"https:\/\/secure.gravatar.com\/avatar\/9a233e4c97f0ace9b041107b424a08752138f4b9b89d9f58020e9446dbcfa808?s=96&d=mm&r=g\",\"caption\":\"moussalahaeditor\"},\"url\":\"https:\/\/www.centremoussalaha.gov.ma\/fr\/author\/moussalahaeditor\/\"}]}<\/script>\n<!-- \/ Yoast SEO plugin. -->","yoast_head_json":{"title":"Cl\u00f4ture du programme \u00ab Conf\u00e9rences scientifiques \u00bb \u00e0 la Prison Locale de Sal\u00e9 - moussalaha fr","robots":{"index":"index","follow":"follow","max-snippet":"max-snippet:-1","max-image-preview":"max-image-preview:large","max-video-preview":"max-video-preview:-1"},"canonical":"https:\/\/www.centremoussalaha.gov.ma\/fr\/2024\/06\/22\/communique-de-la-cloture-du-programme-conferences-scientifiques-a-la-prison-locale-de-sale\/","og_locale":"fr_FR","og_type":"article","og_title":"Cl\u00f4ture du programme \u00ab Conf\u00e9rences scientifiques \u00bb \u00e0 la Prison Locale de Sal\u00e9 - moussalaha fr","og_description":"Dans le cadre de son engagement constant en faveur de la lutte contre l\u2019id\u00e9ologie extr\u00e9miste en milieu carc\u00e9ral, le Centre Moussalaha a cl\u00f4tur\u00e9, le 20 juin 2025, le programme \u00ab Conf\u00e9rences scientifiques \u00bb \u00e0 la Prison locale de Sal\u00e9. Ce cycle, men\u00e9 avec un travail soutenu durant six mois dans plusieurs \u00e9tablissements p\u00e9nitentiaires du Royaume, &hellip;","og_url":"https:\/\/www.centremoussalaha.gov.ma\/fr\/2024\/06\/22\/communique-de-la-cloture-du-programme-conferences-scientifiques-a-la-prison-locale-de-sale\/","og_site_name":"moussalaha fr","article_published_time":"2024-06-22T11:46:00+00:00","article_modified_time":"2025-11-12T11:24:01+00:00","author":"moussalahaeditor","twitter_card":"summary_large_image","twitter_misc":{"\u00c9crit par":"moussalahaeditor","Dur\u00e9e de lecture estim\u00e9e":"2 minutes"},"schema":{"@context":"https:\/\/schema.org","@graph":[{"@type":"Article","@id":"https:\/\/www.centremoussalaha.gov.ma\/fr\/2024\/06\/22\/communique-de-la-cloture-du-programme-conferences-scientifiques-a-la-prison-locale-de-sale\/#article","isPartOf":{"@id":"https:\/\/www.centremoussalaha.gov.ma\/fr\/2024\/06\/22\/communique-de-la-cloture-du-programme-conferences-scientifiques-a-la-prison-locale-de-sale\/"},"author":{"name":"moussalahaeditor","@id":"https:\/\/www.centremoussalaha.gov.ma\/fr\/#\/schema\/person\/c776a901e4c0a923f350a41b5af5cc00"},"headline":"Cl\u00f4ture du programme \u00ab Conf\u00e9rences scientifiques \u00bb \u00e0 la Prison Locale de Sal\u00e9","datePublished":"2024-06-22T11:46:00+00:00","dateModified":"2025-11-12T11:24:01+00:00","mainEntityOfPage":{"@id":"https:\/\/www.centremoussalaha.gov.ma\/fr\/2024\/06\/22\/communique-de-la-cloture-du-programme-conferences-scientifiques-a-la-prison-locale-de-sale\/"},"wordCount":322,"image":{"@id":"https:\/\/www.centremoussalaha.gov.ma\/fr\/2024\/06\/22\/communique-de-la-cloture-du-programme-conferences-scientifiques-a-la-prison-locale-de-sale\/#primaryimage"},"thumbnailUrl":"https:\/\/www.centremoussalaha.gov.ma\/wp-content\/uploads\/2025\/06\/CS-sale-s-1.jpg","articleSection":["Communiqu\u00e9s de presse"],"inLanguage":"fr-FR"},{"@type":"WebPage","@id":"https:\/\/www.centremoussalaha.gov.ma\/fr\/2024\/06\/22\/communique-de-la-cloture-du-programme-conferences-scientifiques-a-la-prison-locale-de-sale\/","url":"https:\/\/www.centremoussalaha.gov.ma\/fr\/2024\/06\/22\/communique-de-la-cloture-du-programme-conferences-scientifiques-a-la-prison-locale-de-sale\/","name":"Cl\u00f4ture du programme \u00ab Conf\u00e9rences scientifiques \u00bb \u00e0 la Prison Locale de Sal\u00e9 - moussalaha fr","isPartOf":{"@id":"https:\/\/www.centremoussalaha.gov.ma\/fr\/#website"},"primaryImageOfPage":{"@id":"https:\/\/www.centremoussalaha.gov.ma\/fr\/2024\/06\/22\/communique-de-la-cloture-du-programme-conferences-scientifiques-a-la-prison-locale-de-sale\/#primaryimage"},"image":{"@id":"https:\/\/www.centremoussalaha.gov.ma\/fr\/2024\/06\/22\/communique-de-la-cloture-du-programme-conferences-scientifiques-a-la-prison-locale-de-sale\/#primaryimage"},"thumbnailUrl":"https:\/\/www.centremoussalaha.gov.ma\/wp-content\/uploads\/2025\/06\/CS-sale-s-1.jpg","datePublished":"2024-06-22T11:46:00+00:00","dateModified":"2025-11-12T11:24:01+00:00","author":{"@id":"https:\/\/www.centremoussalaha.gov.ma\/fr\/#\/schema\/person\/c776a901e4c0a923f350a41b5af5cc00"},"breadcrumb":{"@id":"https:\/\/www.centremoussalaha.gov.ma\/fr\/2024\/06\/22\/communique-de-la-cloture-du-programme-conferences-scientifiques-a-la-prison-locale-de-sale\/#breadcrumb"},"inLanguage":"fr-FR","potentialAction":[{"@type":"ReadAction","target":["https:\/\/www.centremoussalaha.gov.ma\/fr\/2024\/06\/22\/communique-de-la-cloture-du-programme-conferences-scientifiques-a-la-prison-locale-de-sale\/"]}]},{"@type":"ImageObject","inLanguage":"fr-FR","@id":"https:\/\/www.centremoussalaha.gov.ma\/fr\/2024\/06\/22\/communique-de-la-cloture-du-programme-conferences-scientifiques-a-la-prison-locale-de-sale\/#primaryimage","url":"https:\/\/www.centremoussalaha.gov.ma\/wp-content\/uploads\/2025\/06\/CS-sale-s-1.jpg","contentUrl":"https:\/\/www.centremoussalaha.gov.ma\/wp-content\/uploads\/2025\/06\/CS-sale-s-1.jpg"},{"@type":"BreadcrumbList","@id":"https:\/\/www.centremoussalaha.gov.ma\/fr\/2024\/06\/22\/communique-de-la-cloture-du-programme-conferences-scientifiques-a-la-prison-locale-de-sale\/#breadcrumb","itemListElement":[{"@type":"ListItem","position":1,"name":"Home","item":"https:\/\/www.centremoussalaha.gov.ma\/fr\/"},{"@type":"ListItem","position":2,"name":"Cl\u00f4ture du programme \u00ab Conf\u00e9rences scientifiques \u00bb \u00e0 la Prison Locale de Sal\u00e9"}]},{"@type":"WebSite","@id":"https:\/\/www.centremoussalaha.gov.ma\/fr\/#website","url":"https:\/\/www.centremoussalaha.gov.ma\/fr\/","name":"moussalaha fr","description":"","potentialAction":[{"@type":"SearchAction","target":{"@type":"EntryPoint","urlTemplate":"https:\/\/www.centremoussalaha.gov.ma\/fr\/?s={search_term_string}"},"query-input":{"@type":"PropertyValueSpecification","valueRequired":true,"valueName":"search_term_string"}}],"inLanguage":"fr-FR"},{"@type":"Person","@id":"https:\/\/www.centremoussalaha.gov.ma\/fr\/#\/schema\/person\/c776a901e4c0a923f350a41b5af5cc00","name":"moussalahaeditor","image":{"@type":"ImageObject","inLanguage":"fr-FR","@id":"https:\/\/www.centremoussalaha.gov.ma\/fr\/#\/schema\/person\/image\/","url":"https:\/\/secure.gravatar.com\/avatar\/9a233e4c97f0ace9b041107b424a08752138f4b9b89d9f58020e9446dbcfa808?s=96&d=mm&r=g","contentUrl":"https:\/\/secure.gravatar.com\/avatar\/9a233e4c97f0ace9b041107b424a08752138f4b9b89d9f58020e9446dbcfa808?s=96&d=mm&r=g","caption":"moussalahaeditor"},"url":"https:\/\/www.centremoussalaha.gov.ma\/fr\/author\/moussalahaeditor\/"}]}},"_links":{"self":[{"href":"https:\/\/www.centremoussalaha.gov.ma\/fr\/wp-json\/wp\/v2\/posts\/16769","targetHints":{"allow":["GET"]}}],"collection":[{"href":"https:\/\/www.centremoussalaha.gov.ma\/fr\/wp-json\/wp\/v2\/posts"}],"about":[{"href":"https:\/\/www.centremoussalaha.gov.ma\/fr\/wp-json\/wp\/v2\/types\/post"}],"author":[{"embeddable":true,"href":"https:\/\/www.centremoussalaha.gov.ma\/fr\/wp-json\/wp\/v2\/users\/3"}],"replies":[{"embeddable":true,"href":"https:\/\/www.centremoussalaha.gov.ma\/fr\/wp-json\/wp\/v2\/comments?post=16769"}],"version-history":[{"count":3,"href":"https:\/\/www.centremoussalaha.gov.ma\/fr\/wp-json\/wp\/v2\/posts\/16769\/revisions"}],"predecessor-version":[{"id":16849,"href":"https:\/\/www.centremoussalaha.gov.ma\/fr\/wp-json\/wp\/v2\/posts\/16769\/revisions\/16849"}],"wp:featuredmedia":[{"embeddable":true,"href":"https:\/\/www.centremoussalaha.gov.ma\/fr\/wp-json\/"}],"wp:attachment":[{"href":"https:\/\/www.centremoussalaha.gov.ma\/fr\/wp-json\/wp\/v2\/media?parent=16769"}],"wp:term":[{"taxonomy":"category","embeddable":true,"href":"https:\/\/www.centremoussalaha.gov.ma\/fr\/wp-json\/wp\/v2\/categories?post=16769"},{"taxonomy":"post_tag","embeddable":true,"href":"https:\/\/www.centremoussalaha.gov.ma\/fr\/wp-json\/wp\/v2\/tags?post=16769"}],"curies":[{"name":"wp","href":"https:\/\/api.w.org\/{rel}","templated":true}]}}